{"id":25751,"date":"2021-12-02T18:22:51","date_gmt":"2021-12-02T21:22:51","guid":{"rendered":"https:\/\/tvc16.com\/portal\/?p=25751"},"modified":"2021-12-02T18:22:53","modified_gmt":"2021-12-02T21:22:53","slug":"inep-divulga-gabaritos-oficiais-do-enem","status":"publish","type":"post","link":"https:\/\/tvc16.com\/portal\/2021\/12\/02\/inep-divulga-gabaritos-oficiais-do-enem\/","title":{"rendered":"Inep divulga gabaritos oficiais do Enem"},"content":{"rendered":"\n<p>O Instituto Nacional de Estudos e Pesquisas An\u00edsio Teixeira (Inep) divulgou nesta quarta-feira (1\u00ba) os gabaritos oficiais do Exame Nacional do Ensino M\u00e9dio (Enem). Os gabaritos e os cadernos dos dois dias de exame, incluindo as provas acess\u00edveis, aplicadas a quem tem direito a atendimento especializado, est\u00e3o dispon\u00edveis no site do instituto. O Enem foi aplicado nos dias 21 e&nbsp;28 de novembro.<img decoding=\"async\" src=\"https:\/\/agenciabrasil.ebc.com.br\/ebc.png?id=1429938&amp;o=node\"><img decoding=\"async\" src=\"https:\/\/agenciabrasil.ebc.com.br\/ebc.gif?id=1429938&amp;o=node\"><\/p>\n\n\n\n<p>\u201c\u00c9 importante que o participante esteja atento para conferir o gabarito relativo \u00e0 cor, ao n\u00famero e ao formato da prova realizada em cada domingo de aplica\u00e7\u00e3o\u201d, destacou o Inep, por meio de nota. A previs\u00e3o \u00e9 que os resultados do Enem sejam divulgados no dia&nbsp;11 de fevereiro&nbsp;de 2022. Para os treineiros \u2013 estudantes da 1\u00aa ou 2\u00aa s\u00e9rie do ensino m\u00e9dio \u2013, o boletim individual ser\u00e1 publicado 60 dias ap\u00f3s a data.<\/p>\n\n\n\n<h2 class=\"wp-block-heading\">Provas<\/h2>\n\n\n\n<p>No primeiro dia, os participantes resolveram itens de linguagens, c\u00f3digos e suas tecnologias e ci\u00eancias humanas e suas tecnologias, al\u00e9m de escreverem a reda\u00e7\u00e3o, com o tema Invisibilidade e registro civil: garantia de acesso \u00e0 cidadania no Brasil. J\u00e1 no segundo dia, as provas foram de ci\u00eancias da natureza e suas tecnologias e de matem\u00e1tica e suas tecnologias.&nbsp;<\/p>\n\n\n\n<h2 class=\"wp-block-heading\">Quest\u00e3o anulada<\/h2>\n\n\n\n<p>De acordo com o Inep, uma quest\u00e3o da prova de matem\u00e1tica e suas tecnologias foi anulada, mas o fato n\u00e3o compromete o processo de estima\u00e7\u00e3o da nota dos participantes.<\/p>\n\n\n\n<p>\u201cIsso acontece porque o c\u00e1lculo estat\u00edstico da nota do Enem, de acordo com a metodologia da Teoria de Resposta ao Item (TRI), considera a combina\u00e7\u00e3o da coer\u00eancia do padr\u00e3o de resposta com o pressuposto da cumulatividade e, ainda, as caracter\u00edsticas (par\u00e2metros de complexidade) de cada item\u201d.<\/p>\n\n\n\n<p>O n\u00famero correspondente \u00e0 quest\u00e3o anulada varia em fun\u00e7\u00e3o do tipo de caderno, da seguinte forma:<\/p>\n\n\n\n<figure class=\"wp-block-table\"><table><thead><tr><th scope=\"col\">Caderno:<\/th><th scope=\"col\">N\u00famero:<\/th><\/tr><\/thead><tbody><tr><td>Amarelo<\/td><td>quest\u00e3o 178<\/td><\/tr><tr><td>Azul<\/td><td>quest\u00e3o 138<\/td><\/tr><tr><td>Cinza<\/td><td>quest\u00e3o 155<\/td><\/tr><tr><td>Rosa<\/td><td>quest\u00e3o 157<\/td><\/tr><tr><td>Laranja e verde<\/td><td>quest\u00e3o 178<\/td><\/tr><\/tbody><\/table><\/figure>\n\n\n\n<h2 class=\"wp-block-heading\">O exame<\/h2>\n\n\n\n<p>O Enem&nbsp;avalia o desempenho escolar de estudantes ao t\u00e9rmino da educa\u00e7\u00e3o b\u00e1sica. Institui\u00e7\u00f5es de ensino p\u00fablicas e privadas utilizam a prova para selecionar estudantes. Os resultados s\u00e3o usados como crit\u00e9rio \u00fanico ou complementar dos processos seletivos, al\u00e9m de servirem de par\u00e2metros para acesso a aux\u00edlios governamentais, como o proporcionado pelo Fundo de Financiamento Estudantil (Fies).<\/p>\n\n\n\n<p>Os resultados individuais do Enem tamb\u00e9m podem ser usados em processos seletivos de institui\u00e7\u00f5es portuguesas que possuem conv\u00eanio com o Inep. Os acordos garantem acesso facilitado \u00e0s notas dos estudantes brasileiros interessados em cursar a educa\u00e7\u00e3o superior em Portugal.<\/p>\n","protected":false},"excerpt":{"rendered":"<p>O Instituto Nacional de Estudos e Pesquisas An\u00edsio Teixeira (Inep) divulgou nesta quarta-feira (1\u00ba) os<\/p>\n","protected":false},"author":2,"featured_media":25752,"comment_status":"open","ping_status":"open","sticky":false,"template":"","format":"standard","meta":{"footnotes":""},"categories":[19,17],"tags":[],"class_list":["post-25751","post","type-post","status-publish","format-standard","has-post-thumbnail","hentry","category-educacao","category-outras-noticias"],"_links":{"self":[{"href":"https:\/\/tvc16.com\/portal\/wp-json\/wp\/v2\/posts\/25751","targetHints":{"allow":["GET"]}}],"collection":[{"href":"https:\/\/tvc16.com\/portal\/wp-json\/wp\/v2\/posts"}],"about":[{"href":"https:\/\/tvc16.com\/portal\/wp-json\/wp\/v2\/types\/post"}],"author":[{"embeddable":true,"href":"https:\/\/tvc16.com\/portal\/wp-json\/wp\/v2\/users\/2"}],"replies":[{"embeddable":true,"href":"https:\/\/tvc16.com\/portal\/wp-json\/wp\/v2\/comments?post=25751"}],"version-history":[{"count":1,"href":"https:\/\/tvc16.com\/portal\/wp-json\/wp\/v2\/posts\/25751\/revisions"}],"predecessor-version":[{"id":25753,"href":"https:\/\/tvc16.com\/portal\/wp-json\/wp\/v2\/posts\/25751\/revisions\/25753"}],"wp:featuredmedia":[{"embeddable":true,"href":"https:\/\/tvc16.com\/portal\/wp-json\/wp\/v2\/media\/25752"}],"wp:attachment":[{"href":"https:\/\/tvc16.com\/portal\/wp-json\/wp\/v2\/media?parent=25751"}],"wp:term":[{"taxonomy":"category","embeddable":true,"href":"https:\/\/tvc16.com\/portal\/wp-json\/wp\/v2\/categories?post=25751"},{"taxonomy":"post_tag","embeddable":true,"href":"https:\/\/tvc16.com\/portal\/wp-json\/wp\/v2\/tags?post=25751"}],"curies":[{"name":"wp","href":"https:\/\/api.w.org\/{rel}","templated":true}]}}