{"id":25757,"date":"2021-12-02T18:28:44","date_gmt":"2021-12-02T21:28:44","guid":{"rendered":"https:\/\/tvc16.com\/portal\/?p=25757"},"modified":"2021-12-02T18:28:46","modified_gmt":"2021-12-02T21:28:46","slug":"covid-19-rio-de-janeiro-amplia-exigencia-de-certificado-de-vacinacao","status":"publish","type":"post","link":"https:\/\/tvc16.com\/portal\/2021\/12\/02\/covid-19-rio-de-janeiro-amplia-exigencia-de-certificado-de-vacinacao\/","title":{"rendered":"Covid-19: Rio de Janeiro amplia exig\u00eancia de certificado de vacina\u00e7\u00e3o"},"content":{"rendered":"\n<p>O Rio de Janeiro ampliou a lista de locais que dever\u00e3o exigir comprovante de vacina\u00e7\u00e3o contra covid-19. Agora, para entrar e permanecer em bares, lanchonetes, restaurantes, sal\u00f5es de beleza, shoppings centers e centros comerciais ser\u00e1 necess\u00e1rio comprovar que est\u00e1 em dia com o calend\u00e1rio de vacina\u00e7\u00e3o do munic\u00edpio, ou seja, com as duas doses ou dose \u00fanica.<img decoding=\"async\" src=\"https:\/\/agenciabrasil.ebc.com.br\/ebc.png?id=1430032&amp;o=node\"><img decoding=\"async\" src=\"https:\/\/agenciabrasil.ebc.com.br\/ebc.gif?id=1430032&amp;o=node\"><\/p>\n\n\n\n<p>A exig\u00eancia vale tamb\u00e9m para qualquer meio de hospedagem, t\u00e1xis e ve\u00edculos de transporte privativo acionados por meio de aplicativo.<\/p>\n\n\n\n<p>No fim de agosto, a prefeitura do Rio j\u00e1 tinha publicado decreto exigindo comprovante de vacina\u00e7\u00e3o para entrar em academias, clubes, est\u00e1dios, cinemas, teatros, salas de concerto, sal\u00f5es de jogos, circos, recrea\u00e7\u00e3o infantil, atividades de entretenimento, locais de visita\u00e7\u00e3o tur\u00edsticas, museus, galerias e exposi\u00e7\u00f5es de arte, aqu\u00e1rio, parques de divers\u00f5es, parques tem\u00e1ticos, parques aqu\u00e1ticos, apresenta\u00e7\u00f5es e&nbsp;<em>drive-in<\/em>, al\u00e9m de confer\u00eancias, conven\u00e7\u00f5es e feiras comerciais.<\/p>\n\n\n\n<p>O Rio imunizou 77,1% da popula\u00e7\u00e3o com 12 anos ou mais, o que significa que 22,9% da popula\u00e7\u00e3o carioca podem ser afetados diretamente pelas restri\u00e7\u00f5es.<\/p>\n","protected":false},"excerpt":{"rendered":"<p>O Rio de Janeiro ampliou a lista de locais que dever\u00e3o exigir comprovante de vacina\u00e7\u00e3o<\/p>\n","protected":false},"author":2,"featured_media":25758,"comment_status":"open","ping_status":"open","sticky":false,"template":"","format":"standard","meta":{"footnotes":""},"categories":[17,13],"tags":[],"class_list":["post-25757","post","type-post","status-publish","format-standard","has-post-thumbnail","hentry","category-outras-noticias","category-saude"],"_links":{"self":[{"href":"https:\/\/tvc16.com\/portal\/wp-json\/wp\/v2\/posts\/25757","targetHints":{"allow":["GET"]}}],"collection":[{"href":"https:\/\/tvc16.com\/portal\/wp-json\/wp\/v2\/posts"}],"about":[{"href":"https:\/\/tvc16.com\/portal\/wp-json\/wp\/v2\/types\/post"}],"author":[{"embeddable":true,"href":"https:\/\/tvc16.com\/portal\/wp-json\/wp\/v2\/users\/2"}],"replies":[{"embeddable":true,"href":"https:\/\/tvc16.com\/portal\/wp-json\/wp\/v2\/comments?post=25757"}],"version-history":[{"count":1,"href":"https:\/\/tvc16.com\/portal\/wp-json\/wp\/v2\/posts\/25757\/revisions"}],"predecessor-version":[{"id":25759,"href":"https:\/\/tvc16.com\/portal\/wp-json\/wp\/v2\/posts\/25757\/revisions\/25759"}],"wp:featuredmedia":[{"embeddable":true,"href":"https:\/\/tvc16.com\/portal\/wp-json\/wp\/v2\/media\/25758"}],"wp:attachment":[{"href":"https:\/\/tvc16.com\/portal\/wp-json\/wp\/v2\/media?parent=25757"}],"wp:term":[{"taxonomy":"category","embeddable":true,"href":"https:\/\/tvc16.com\/portal\/wp-json\/wp\/v2\/categories?post=25757"},{"taxonomy":"post_tag","embeddable":true,"href":"https:\/\/tvc16.com\/portal\/wp-json\/wp\/v2\/tags?post=25757"}],"curies":[{"name":"wp","href":"https:\/\/api.w.org\/{rel}","templated":true}]}}