{"id":25766,"date":"2021-12-05T07:00:00","date_gmt":"2021-12-05T10:00:00","guid":{"rendered":"https:\/\/tvc16.com\/portal\/?p=25766"},"modified":"2021-12-02T18:43:44","modified_gmt":"2021-12-02T21:43:44","slug":"detran-oferece-servicos-de-vistoria-itinerante-em-tres-rios","status":"publish","type":"post","link":"https:\/\/tvc16.com\/portal\/2021\/12\/05\/detran-oferece-servicos-de-vistoria-itinerante-em-tres-rios\/","title":{"rendered":"DETRAN oferece servi\u00e7os de vistoria itinerante em Tr\u00eas Rios"},"content":{"rendered":"\n<p><a rel=\"noreferrer noopener\" href=\"https:\/\/www.facebook.com\/sharer.php?u=https%3A%2F%2Ftresrios.rj.gov.br%2Findex.php%2F2021%2F12%2F02%2Fdetran-oferece-servicos-de-vistoria-itinerante-em-tres-rios%2F\" target=\"_blank\"><\/a><a rel=\"noreferrer noopener\" href=\"https:\/\/web.whatsapp.com\/send?text=DETRAN%20oferece%20servi%C3%A7os%20de%20vistoria%20itinerante%20em%20Tr%C3%AAs%20Rios%20%E2%98%9B%20https%3A%2F%2Ftresrios.rj.gov.br%2Findex.php%2F2021%2F12%2F02%2Fdetran-oferece-servicos-de-vistoria-itinerante-em-tres-rios%2F\" target=\"_blank\"><\/a><a rel=\"noreferrer noopener\" href=\"https:\/\/twitter.com\/share?url=https%3A%2F%2Ftresrios.rj.gov.br%2Findex.php%2F2021%2F12%2F02%2Fdetran-oferece-servicos-de-vistoria-itinerante-em-tres-rios%2F&amp;text=Acabei%20de%20ver%20DETRAN%20oferece%20servi%C3%A7os%20de%20vistoria%20itinerante%20em%20Tr%C3%AAs%20Rios%20-%20Clique%20para%20ver%20tamb%C3%A9m%20%E2%98%9B%20\" target=\"_blank\"><\/a><a href=\"mailto:?subject=DETRAN%20oferece%20servi%C3%A7os%20de%20vistoria%20itinerante%20em%20Tr%C3%AAs%20Rios&amp;body=https%3A%2F%2Ftresrios.rj.gov.br%2Findex.php%2F2021%2F12%2F02%2Fdetran-oferece-servicos-de-vistoria-itinerante-em-tres-rios%2F%0A%0ADETRAN%20oferece%20servi%C3%A7os%20de%20vistoria%20itinerante%20em%20Tr%C3%AAs%20Rios%0A%0ANo%20dia%2016%20de%20dezembro%2C%20Tr%C3%AAs%20Rios%20contar%C3%A1%20com%20a%20presen%C3%A7a%20do%20DETRAN-RJ%20no%20munic%C3%ADpio%2C%20para%20o%20servi%C3%A7o%20de%20vistoria%20itinerante.%20Com%20isso%2C%20motoristas%20trirrienses%20v%C3%A3o%20evitar%20se%20deslocar%20at%C3%A9%20cidades%20vizinhas%20para%20regularizar%20os%20ve%C3%ADculos.%26nbsp%3B%0A%0A%0A%0AA%20a%C3%A7%C3%A3o%20ser%C3%A1%20realizada%20na%20Av.%20Alberto%20Lavinas%2C%20em%20frente%20%C3%A0%20Universidade%20Federal%20Rural%20do%20Rio%20de%20Janeiro%2C%20das%2010h%20%C3%A0s%2017h.%20A%20iniciativa%20%C3%A9%20uma%20parceria%20entre%20a%20entidade%20estadual%20e%20a%20Prefeitura.%26nbsp%3B%0A%0A%0A%0ADe%20acordo%20com%20o%20DETRAN%2C%20ser%C3%A3o%20oferecidos%20servi%C3%A7os%20como%20transfer%C3%AAncia%20de%20propriedade%2C%20transfer%C3%AAncia%20de%20jurisdi%C3%A7%C3%A3o%2C%20transfer%C3%AAncia%20de%20munic%C3%ADpio%2C%20altera%C3%A7%C3%A3o%20de%20caracter%C3%ADsticas%2C%20inclus%C3%A3o%20de%20GNV%2C%20licenciamento%20anual%2C%20baixa%2Finclus%C3%A3o%20de%20aliena%C3%A7%C3%A3o%2C%20mudan%C3%A7a%20de%20cor%2C%20mudan%C3%A7a%20de%20endere%C3%A7o%2C%20retifica%C3%A7%C3%A3o%20de%20dados%2C%20primeira%20licen%C3%A7a%2C%20emplacamento%20e%20troca%20de%20placa%20para%20Mercosul%2C%20entre%20outros.%0A%0A%0A%0AOs%20motoristas%20que%20t%C3%AAm%20interesse%20em%20participar%20devem%20realizar%20agendamento%20pr%C3%A9vio%2C%20pelo%20site%3A%20%28www.detran.rj.gov.br%29%20ou%20pelo%20teleatendimento%2C%20nos%20n%C3%BAmeros%3A%0A%0A%0A%0A%2821%29%203460-4040%0A%0A%0A%0A%2821%29%203460-4041%0A%0A%0A%0A%2821%29%203460-4042.%0A%0A%0A%0ACR%C3%89DITOS%20DA%20IMAGEM%3A%20SEBASTI%C3%83O%20GOMES%0A\"><\/a><a rel=\"noreferrer noopener\" href=\"https:\/\/telegram.me\/share\/url?url=https%3A%2F%2Ftresrios.rj.gov.br%2Findex.php%2F2021%2F12%2F02%2Fdetran-oferece-servicos-de-vistoria-itinerante-em-tres-rios%2F&amp;text=DETRAN%20oferece%20servi%C3%A7os%20de%20vistoria%20itinerante%20em%20Tr%C3%AAs%20Rios\" target=\"_blank\"><\/a><a href=\"javascript:void(0);\"><\/a>No dia 16 de dezembro, Tr\u00eas Rios contar\u00e1 com a presen\u00e7a do DETRAN-RJ no munic\u00edpio, para o servi\u00e7o de vistoria itinerante. Com isso, motoristas trirrienses v\u00e3o evitar se deslocar at\u00e9 cidades vizinhas para regularizar os ve\u00edculos.\u00a0<\/p>\n\n\n\n<p>A a\u00e7\u00e3o ser\u00e1 realizada na Av. Alberto Lavinas, em frente \u00e0 Universidade Federal Rural do Rio de Janeiro, das 10h \u00e0s 17h. A iniciativa \u00e9 uma parceria entre a entidade estadual e a Prefeitura.&nbsp;<\/p>\n\n\n\n<p>De acordo com o DETRAN, ser\u00e3o oferecidos servi\u00e7os como transfer\u00eancia de propriedade, transfer\u00eancia de jurisdi\u00e7\u00e3o, transfer\u00eancia de munic\u00edpio, altera\u00e7\u00e3o de caracter\u00edsticas, inclus\u00e3o de GNV, licenciamento anual, baixa\/inclus\u00e3o de aliena\u00e7\u00e3o, mudan\u00e7a de cor, mudan\u00e7a de endere\u00e7o, retifica\u00e7\u00e3o de dados, primeira licen\u00e7a, emplacamento e troca de placa para Mercosul, entre outros.<\/p>\n\n\n\n<p>Os motoristas que t\u00eam interesse em participar devem realizar agendamento pr\u00e9vio, pelo site: (www.detran.rj.gov.br) ou pelo teleatendimento, nos n\u00fameros:<\/p>\n\n\n\n<p>(21) 3460-4040<\/p>\n\n\n\n<p>(21) 3460-4041<\/p>\n\n\n\n<p>(21) 3460-4042<\/p>\n","protected":false},"excerpt":{"rendered":"<p>No dia 16 de dezembro, Tr\u00eas Rios contar\u00e1 com a presen\u00e7a do DETRAN-RJ no munic\u00edpio,<\/p>\n","protected":false},"author":2,"featured_media":25767,"comment_status":"open","ping_status":"open","sticky":false,"template":"","format":"standard","meta":{"footnotes":""},"categories":[17],"tags":[],"class_list":["post-25766","post","type-post","status-publish","format-standard","has-post-thumbnail","hentry","category-outras-noticias"],"_links":{"self":[{"href":"https:\/\/tvc16.com\/portal\/wp-json\/wp\/v2\/posts\/25766","targetHints":{"allow":["GET"]}}],"collection":[{"href":"https:\/\/tvc16.com\/portal\/wp-json\/wp\/v2\/posts"}],"about":[{"href":"https:\/\/tvc16.com\/portal\/wp-json\/wp\/v2\/types\/post"}],"author":[{"embeddable":true,"href":"https:\/\/tvc16.com\/portal\/wp-json\/wp\/v2\/users\/2"}],"replies":[{"embeddable":true,"href":"https:\/\/tvc16.com\/portal\/wp-json\/wp\/v2\/comments?post=25766"}],"version-history":[{"count":1,"href":"https:\/\/tvc16.com\/portal\/wp-json\/wp\/v2\/posts\/25766\/revisions"}],"predecessor-version":[{"id":25768,"href":"https:\/\/tvc16.com\/portal\/wp-json\/wp\/v2\/posts\/25766\/revisions\/25768"}],"wp:featuredmedia":[{"embeddable":true,"href":"https:\/\/tvc16.com\/portal\/wp-json\/wp\/v2\/media\/25767"}],"wp:attachment":[{"href":"https:\/\/tvc16.com\/portal\/wp-json\/wp\/v2\/media?parent=25766"}],"wp:term":[{"taxonomy":"category","embeddable":true,"href":"https:\/\/tvc16.com\/portal\/wp-json\/wp\/v2\/categories?post=25766"},{"taxonomy":"post_tag","embeddable":true,"href":"https:\/\/tvc16.com\/portal\/wp-json\/wp\/v2\/tags?post=25766"}],"curies":[{"name":"wp","href":"https:\/\/api.w.org\/{rel}","templated":true}]}}