{"id":2577,"date":"2020-10-13T01:16:28","date_gmt":"2020-10-13T01:16:28","guid":{"rendered":"https:\/\/tvc16.com\/portal\/?p=2577"},"modified":"2020-10-13T01:16:28","modified_gmt":"2020-10-13T01:16:28","slug":"padre-francisco-esta-estavel","status":"publish","type":"post","link":"https:\/\/tvc16.com\/portal\/2020\/10\/13\/padre-francisco-esta-estavel\/","title":{"rendered":"Padre Francisco est\u00e1 est\u00e1vel"},"content":{"rendered":"\n<p>A mitra de Petr\u00f3polis divulgou a pouco uma nota sobre o estado de sa\u00fade do Padre Francisco Montemezzo, de 83 anos, que passou mal na \u00faltima sexta-feira (09). De acordo com as informa\u00e7\u00f5es ele est\u00e1 internado no Hospital Unimed e o laudo preliminar apontou que ele sofreu um AVC. O padre continuar\u00e1 internado at\u00e9 se recuperar completamente. Por orienta\u00e7\u00e3o m\u00e9dica, as visitas est\u00e3o proibidas.<\/p>\n\n\n\n<p>A nota diz ainda que os m\u00e9dicos realizaram o exame de Convid-19, que deu negativo. &#8220;Pe. Francisco est\u00e1 l\u00facido e disse que tem oferecido esse momento pelo clero e pelos leigos de nossa Diocese. Pedimos a todos os diocesanos que continuem rezando pela plena recupera\u00e7\u00e3o de nosso amado Padre Francisco&#8221;, disse o bispo diocesano Dom Greg\u00f3rio Paix\u00e3o.<\/p>\n","protected":false},"excerpt":{"rendered":"<p>A mitra de Petr\u00f3polis divulgou a pouco uma nota sobre o estado de sa\u00fade do<\/p>\n","protected":false},"author":2,"featured_media":2578,"comment_status":"open","ping_status":"open","sticky":false,"template":"","format":"standard","meta":{"footnotes":""},"categories":[12],"tags":[],"class_list":["post-2577","post","type-post","status-publish","format-standard","has-post-thumbnail","hentry","category-cidade"],"_links":{"self":[{"href":"https:\/\/tvc16.com\/portal\/wp-json\/wp\/v2\/posts\/2577","targetHints":{"allow":["GET"]}}],"collection":[{"href":"https:\/\/tvc16.com\/portal\/wp-json\/wp\/v2\/posts"}],"about":[{"href":"https:\/\/tvc16.com\/portal\/wp-json\/wp\/v2\/types\/post"}],"author":[{"embeddable":true,"href":"https:\/\/tvc16.com\/portal\/wp-json\/wp\/v2\/users\/2"}],"replies":[{"embeddable":true,"href":"https:\/\/tvc16.com\/portal\/wp-json\/wp\/v2\/comments?post=2577"}],"version-history":[{"count":1,"href":"https:\/\/tvc16.com\/portal\/wp-json\/wp\/v2\/posts\/2577\/revisions"}],"predecessor-version":[{"id":2579,"href":"https:\/\/tvc16.com\/portal\/wp-json\/wp\/v2\/posts\/2577\/revisions\/2579"}],"wp:featuredmedia":[{"embeddable":true,"href":"https:\/\/tvc16.com\/portal\/wp-json\/wp\/v2\/media\/2578"}],"wp:attachment":[{"href":"https:\/\/tvc16.com\/portal\/wp-json\/wp\/v2\/media?parent=2577"}],"wp:term":[{"taxonomy":"category","embeddable":true,"href":"https:\/\/tvc16.com\/portal\/wp-json\/wp\/v2\/categories?post=2577"},{"taxonomy":"post_tag","embeddable":true,"href":"https:\/\/tvc16.com\/portal\/wp-json\/wp\/v2\/tags?post=2577"}],"curies":[{"name":"wp","href":"https:\/\/api.w.org\/{rel}","templated":true}]}}