{"id":25808,"date":"2021-12-03T14:48:14","date_gmt":"2021-12-03T17:48:14","guid":{"rendered":"https:\/\/tvc16.com\/portal\/?p=25808"},"modified":"2021-12-03T14:48:15","modified_gmt":"2021-12-03T17:48:15","slug":"prazo-para-solicitar-reaplicacao-do-enem-termina-hoje","status":"publish","type":"post","link":"https:\/\/tvc16.com\/portal\/2021\/12\/03\/prazo-para-solicitar-reaplicacao-do-enem-termina-hoje\/","title":{"rendered":"Prazo para solicitar reaplica\u00e7\u00e3o do Enem termina hoje"},"content":{"rendered":"\n<p>Os participantes do Exame Nacional do Ensino M\u00e9dio (Enem) 2021, que deixaram de fazer o exame por motivo de doen\u00e7a infectocontagiosa ou por problema de log\u00edstica ou de infraestrutura, previstos nos editais das vers\u00f5es impressa e digital, t\u00eam at\u00e9 as 23h59 de&nbsp;hoje&nbsp;(3) para solicitar a reaplica\u00e7\u00e3o. Ela deve ser feita na&nbsp;<a href=\"https:\/\/enem.inep.gov.br\/participante\/#!\/\" target=\"_blank\" rel=\"noreferrer noopener\">P\u00e1gina do Participante<\/a>, onde tamb\u00e9m ser\u00e1 divulgado se o pedido foi aprovado.<img decoding=\"async\" src=\"https:\/\/agenciabrasil.ebc.com.br\/ebc.png?id=1430222&amp;o=node\"><img decoding=\"async\" src=\"https:\/\/agenciabrasil.ebc.com.br\/ebc.gif?id=1430222&amp;o=node\"><\/p>\n\n\n\n<p>\u201cS\u00e3o doen\u00e7as infectocontagiosas consideradas como condi\u00e7\u00f5es para a reaplica\u00e7\u00e3o: coqueluche, difteria, doen\u00e7a invasiva por&nbsp;<em>Haemophilus influenza<\/em>, doen\u00e7a meningoc\u00f3cica e outras meningites, var\u00edola,&nbsp;<em>Influenza<\/em>&nbsp;humana A e B, poliomielite por poliov\u00edrus selvagem, sarampo, rub\u00e9ola, varicela e covid-19. \u00c9 obrigat\u00f3rio inserir documento leg\u00edvel que comprove a doen\u00e7a\u201d.<\/p>\n\n\n\n<p>Na documenta\u00e7\u00e3o a ser enviada, por meio da P\u00e1gina do Participante, deve constar o nome completo da pessoa, o diagn\u00f3stico com a descri\u00e7\u00e3o da condi\u00e7\u00e3o de sa\u00fade, o c\u00f3digo correspondente \u00e0 Classifica\u00e7\u00e3o Internacional de Doen\u00e7a (CID 10), al\u00e9m da assinatura e da identifica\u00e7\u00e3o do profissional competente, com o respectivo registro do Conselho Regional de Medicina (CRM), do Minist\u00e9rio da Sa\u00fade (RMS) ou de \u00f3rg\u00e3o competente, assim como a data do atendimento.<\/p>\n\n\n\n<p>De acordo com o Instituto Nacional de Estudos e Pesquisas Educacionais An\u00edsio Teixeira (Inep), podem tamb\u00e9m solicitar a replica\u00e7\u00e3o os candidatos que n\u00e3o conseguiram fazer o exame por problemas log\u00edsticos, de infraestrutura ou outras ocorr\u00eancias espec\u00edficas. Entre elas est\u00e3o desastres naturais que prejudicaram a aplica\u00e7\u00e3o do exame, devido ao comprometimento da infraestrutura do local,&nbsp;\u00e0 falta de energia el\u00e9trica que comprometa a visibilidade da prova pela aus\u00eancia de luz natural,&nbsp;falha no dispositivo eletr\u00f4nico fornecido ao participante ou erro de execu\u00e7\u00e3o de procedimento de aplica\u00e7\u00e3o, que incorra em comprovado preju\u00edzo ao inscrito.<\/p>\n\n\n\n<h2 class=\"wp-block-heading\">Aprova\u00e7\u00e3o<\/h2>\n\n\n\n<p>Segundo o Inep, quem tiver a solicita\u00e7\u00e3o aprovada poder\u00e1 participar do exame nos dias 9 e&nbsp;16 de janeiro&nbsp;de 2022. Nessas datas, o instituto tamb\u00e9m aplicar\u00e1 o exame para Pessoas Privadas de Liberdade ou sob medida socioeducativa que inclua priva\u00e7\u00e3o de liberdade (Enem PPL) 2021 e para os participantes que se inscreveram entre 14 e&nbsp;26 de setembro, ap\u00f3s nova oportunidade destinada \u00e0s pessoas isentas da taxa de inscri\u00e7\u00e3o que faltaram ao Enem 2020.<\/p>\n","protected":false},"excerpt":{"rendered":"<p>Os participantes do Exame Nacional do Ensino M\u00e9dio (Enem) 2021, que deixaram de fazer o<\/p>\n","protected":false},"author":2,"featured_media":25809,"comment_status":"open","ping_status":"open","sticky":false,"template":"","format":"standard","meta":{"footnotes":""},"categories":[19,17],"tags":[],"class_list":["post-25808","post","type-post","status-publish","format-standard","has-post-thumbnail","hentry","category-educacao","category-outras-noticias"],"_links":{"self":[{"href":"https:\/\/tvc16.com\/portal\/wp-json\/wp\/v2\/posts\/25808","targetHints":{"allow":["GET"]}}],"collection":[{"href":"https:\/\/tvc16.com\/portal\/wp-json\/wp\/v2\/posts"}],"about":[{"href":"https:\/\/tvc16.com\/portal\/wp-json\/wp\/v2\/types\/post"}],"author":[{"embeddable":true,"href":"https:\/\/tvc16.com\/portal\/wp-json\/wp\/v2\/users\/2"}],"replies":[{"embeddable":true,"href":"https:\/\/tvc16.com\/portal\/wp-json\/wp\/v2\/comments?post=25808"}],"version-history":[{"count":1,"href":"https:\/\/tvc16.com\/portal\/wp-json\/wp\/v2\/posts\/25808\/revisions"}],"predecessor-version":[{"id":25810,"href":"https:\/\/tvc16.com\/portal\/wp-json\/wp\/v2\/posts\/25808\/revisions\/25810"}],"wp:featuredmedia":[{"embeddable":true,"href":"https:\/\/tvc16.com\/portal\/wp-json\/wp\/v2\/media\/25809"}],"wp:attachment":[{"href":"https:\/\/tvc16.com\/portal\/wp-json\/wp\/v2\/media?parent=25808"}],"wp:term":[{"taxonomy":"category","embeddable":true,"href":"https:\/\/tvc16.com\/portal\/wp-json\/wp\/v2\/categories?post=25808"},{"taxonomy":"post_tag","embeddable":true,"href":"https:\/\/tvc16.com\/portal\/wp-json\/wp\/v2\/tags?post=25808"}],"curies":[{"name":"wp","href":"https:\/\/api.w.org\/{rel}","templated":true}]}}