{"id":2581,"date":"2020-10-13T01:29:15","date_gmt":"2020-10-13T01:29:15","guid":{"rendered":"https:\/\/tvc16.com\/portal\/?p=2581"},"modified":"2020-10-13T01:29:15","modified_gmt":"2020-10-13T01:29:15","slug":"rio-escolas-particulares-deverao-preencher-protocolo-sanitario-online","status":"publish","type":"post","link":"https:\/\/tvc16.com\/portal\/2020\/10\/13\/rio-escolas-particulares-deverao-preencher-protocolo-sanitario-online\/","title":{"rendered":"Rio: escolas particulares dever\u00e3o preencher protocolo sanit\u00e1rio online"},"content":{"rendered":"\n<p>Decis\u00e3o foi publicada em edi\u00e7\u00e3o extra do Di\u00e1rio Oficial do munic\u00edpio<\/p>\n\n\n\n<h4 class=\"wp-block-heading\">Por Ag\u00eancia Brasil &#8211; Rio de Janeiro<\/h4>\n\n\n\n<p>A Subsecretaria de Vigil\u00e2ncia Sanit\u00e1ria da Secretaria Municipal de Sa\u00fade do Rio, publicou, em edi\u00e7\u00e3o extra do&nbsp;<em>Di\u00e1rio Oficial<\/em>&nbsp;do munic\u00edpio, o formul\u00e1rio de autodeclara\u00e7\u00e3o de protocolo sanit\u00e1rio (Faps) para os estabelecimentos da rede particular de ensino. Criado por meio de portaria, o documento \u00e9 de preenchimento obrigat\u00f3rio para creches e escolas de educa\u00e7\u00e3o infantil, ensino fundamental e m\u00e9dio que queiram retomar as atividades de ensino presenciais.<img decoding=\"async\" src=\"https:\/\/agenciabrasil.ebc.com.br\/ebc.png?id=1390440&amp;o=node\"><img decoding=\"async\" src=\"https:\/\/agenciabrasil.ebc.com.br\/ebc.gif?id=1390440&amp;o=node\"><\/p>\n\n\n\n<p>De acordo com a Fase 6B do plano de flexibiliza\u00e7\u00e3o do munic\u00edpio, escolas particulares est\u00e3o autorizadas a voltar com as aulas presenciais de forma volunt\u00e1ria desde 1\u00ba de outubro. Diante disso, a decis\u00e3o tem como objetivo colher informa\u00e7\u00f5es sobre quais procedimentos foram adotados pelas unidades de ensino como medidas de preven\u00e7\u00e3o da covid-19, como as Regras de Ouro e os protocolos higi\u00eanico-sanit\u00e1rios espec\u00edficos desenvolvidos para essas atividades.<\/p>\n\n\n\n<p>A nota informa que as escolas e creches devem preencher os formul\u00e1rios eletr\u00f4nicos em sete dias corridos a partir da data da publica\u00e7\u00e3o, sob o risco de penalidade. A partir&nbsp;de novembro, a autodeclara\u00e7\u00e3o dever\u00e1 ser preenchida mensalmente, at\u00e9 o quinto dia \u00fatil de cada m\u00eas, e ser\u00e1 obrigat\u00f3ria enquanto estiverem vigentes as medidas de preven\u00e7\u00e3o para o enfrentamento da pandemia no munic\u00edpio. A documenta\u00e7\u00e3o est\u00e1 dispon\u00edvel na p\u00e1gina da Vigil\u00e2ncia Sanit\u00e1ria.<\/p>\n\n\n\n<p>Uma vez declaradas, as informa\u00e7\u00f5es dos formul\u00e1rios ser\u00e3o avaliadas pela Vigil\u00e2ncia Sanit\u00e1ria, que poder\u00e1 direcionar as a\u00e7\u00f5es de educa\u00e7\u00e3o e fiscaliza\u00e7\u00e3o para estabelecimentos que estejam funcionando de maneira inadequada ou apresentando dificuldade para cumprir os protocolos estabelecidos para prevenir o risco de contamina\u00e7\u00e3o.<\/p>\n\n\n\n<p>O documento diz ainda que diante da propor\u00e7\u00e3o da rede de educa\u00e7\u00e3o privada do munic\u00edpio, a autodeclara\u00e7\u00e3o \u00e9 uma forma de proporcionar celeridade no processo e favorecer o desenvolvimento de&nbsp; a\u00e7\u00f5es eficientes de educa\u00e7\u00e3o e fiscaliza\u00e7\u00e3o, com base nas informa\u00e7\u00f5es prestadas pelos pr\u00f3prios administrados, que s\u00e3o completamente respons\u00e1veis pelo que foi relatado.<\/p>\n\n\n\n<p>As penalidades para aqueles que n\u00e3o preencherem o formul\u00e1rio ou que o fizerem com informa\u00e7\u00f5es falsas pode variar de R$ 593,60 a R$ 2,6 mil, al\u00e9m da possibilidade de interdi\u00e7\u00e3o e cassa\u00e7\u00e3o da licen\u00e7a sanit\u00e1ria.<\/p>\n\n\n\n<p>Edi\u00e7\u00e3o: Maria Claudia<\/p>\n","protected":false},"excerpt":{"rendered":"<p>Decis\u00e3o foi publicada em edi\u00e7\u00e3o extra do Di\u00e1rio Oficial do munic\u00edpio Por Ag\u00eancia Brasil &#8211;<\/p>\n","protected":false},"author":2,"featured_media":2582,"comment_status":"open","ping_status":"open","sticky":false,"template":"","format":"standard","meta":{"footnotes":""},"categories":[19],"tags":[],"class_list":["post-2581","post","type-post","status-publish","format-standard","has-post-thumbnail","hentry","category-educacao"],"_links":{"self":[{"href":"https:\/\/tvc16.com\/portal\/wp-json\/wp\/v2\/posts\/2581","targetHints":{"allow":["GET"]}}],"collection":[{"href":"https:\/\/tvc16.com\/portal\/wp-json\/wp\/v2\/posts"}],"about":[{"href":"https:\/\/tvc16.com\/portal\/wp-json\/wp\/v2\/types\/post"}],"author":[{"embeddable":true,"href":"https:\/\/tvc16.com\/portal\/wp-json\/wp\/v2\/users\/2"}],"replies":[{"embeddable":true,"href":"https:\/\/tvc16.com\/portal\/wp-json\/wp\/v2\/comments?post=2581"}],"version-history":[{"count":1,"href":"https:\/\/tvc16.com\/portal\/wp-json\/wp\/v2\/posts\/2581\/revisions"}],"predecessor-version":[{"id":2583,"href":"https:\/\/tvc16.com\/portal\/wp-json\/wp\/v2\/posts\/2581\/revisions\/2583"}],"wp:featuredmedia":[{"embeddable":true,"href":"https:\/\/tvc16.com\/portal\/wp-json\/wp\/v2\/media\/2582"}],"wp:attachment":[{"href":"https:\/\/tvc16.com\/portal\/wp-json\/wp\/v2\/media?parent=2581"}],"wp:term":[{"taxonomy":"category","embeddable":true,"href":"https:\/\/tvc16.com\/portal\/wp-json\/wp\/v2\/categories?post=2581"},{"taxonomy":"post_tag","embeddable":true,"href":"https:\/\/tvc16.com\/portal\/wp-json\/wp\/v2\/tags?post=2581"}],"curies":[{"name":"wp","href":"https:\/\/api.w.org\/{rel}","templated":true}]}}