{"id":25814,"date":"2021-12-03T14:55:42","date_gmt":"2021-12-03T17:55:42","guid":{"rendered":"https:\/\/tvc16.com\/portal\/?p=25814"},"modified":"2021-12-03T14:55:43","modified_gmt":"2021-12-03T17:55:43","slug":"bienal-do-livro-rio-comeca-hoje","status":"publish","type":"post","link":"https:\/\/tvc16.com\/portal\/2021\/12\/03\/bienal-do-livro-rio-comeca-hoje\/","title":{"rendered":"Bienal do Livro Rio come\u00e7a hoje"},"content":{"rendered":"\n<p>A Bienal do Livro Rio, considerada a maior festa liter\u00e1ria do pa\u00eds,&nbsp;ter\u00e1 sua 20\u00aa edi\u00e7\u00e3o aberta&nbsp;hoje&nbsp;(3), \u00e0s 10h, no Riocentro, Barra da Tijuca, zona oeste da capital fluminense. A solenidade de abertura prestar\u00e1 homenagem ao escritor Zuenir Ventura pela import\u00e2ncia de sua obra e por&nbsp;ter&nbsp;marcado presen\u00e7a em toda a hist\u00f3ria da Bienal.<img decoding=\"async\" src=\"https:\/\/agenciabrasil.ebc.com.br\/ebc.png?id=1430225&amp;o=node\"><img decoding=\"async\" src=\"https:\/\/agenciabrasil.ebc.com.br\/ebc.gif?id=1430225&amp;o=node\"><\/p>\n\n\n\n<p>Durante a cerim\u00f4nia, tamb\u00e9m ser\u00e1 homenageada pelo Sindicato Nacional dos Editores de Livros (Snel) e&nbsp;pela GL events, realizadores da Bienal,&nbsp;a ministra do Supremo Tribunal Federal (STF) C\u00e1rmen L\u00facia, com a entrega do Pr\u00eamio Jos\u00e9 Olympio que, desde 1983, reconhece personalidades e institui\u00e7\u00f5es com not\u00e1veis contribui\u00e7\u00f5es ao&nbsp;mercado editorial brasileiro. O presidente do Snel, Marcos da Veiga Pereira, disse que a ministra, &#8220;com seu hist\u00f3rico voto cala boca j\u00e1 morreu, garantiu aos autores do pa\u00eds a plena liberdade de publicar biografias n\u00e3o autorizadas, permitindo que os leitores conhe\u00e7am melhor a hist\u00f3ria&#8221;.<\/p>\n\n\n\n<p>A 20\u00aa edi\u00e7\u00e3o da Bienal do Livro Rio vai festejar o reencontro do p\u00fablico apreciador de livros. A programa\u00e7\u00e3o foi especialmente elaborada por um coletivo curador, visando a atender aos mais diferentes gostos e estilos, com o objetivo de proporcionar reflex\u00f5es e debates, de forma democr\u00e1tica, sobre o tema &#8220;Que hist\u00f3rias queremos contar a partir de agora?&#8221;.<\/p>\n\n\n\n<p>Todos os protocolos sanit\u00e1rios ser\u00e3o observados para preservar o bem-estar dos visitantes. Haver\u00e1 limite de capacidade de p\u00fablico por turno; ser\u00e1 necess\u00e1ria apresenta\u00e7\u00e3o de comprovante de vacina\u00e7\u00e3o, al\u00e9m de uso obrigat\u00f3rio de m\u00e1scara.<\/p>\n\n\n\n<h2 class=\"wp-block-heading\">Programa\u00e7\u00e3o<\/h2>\n\n\n\n<p>Para discutir o que as pessoas t\u00eam vivido e participar da constru\u00e7\u00e3o dessas novas narrativas, a Bienal vai lan\u00e7ar a Esta\u00e7\u00e3o Plural, reunindo autores, artistas e formadores de opini\u00e3o. Este ano, est\u00e3o confirmados 85 editoras e 140 selos, al\u00e9m de livrarias, distribuidores e lojas de com\u00e9rcio eletr\u00f4nico, como Submarino.<\/p>\n\n\n\n<p>A programa\u00e7\u00e3o conta com debates sobre juventude e f\u00e9, poesia, desenvolvimento sustent\u00e1vel, pol\u00edtica e democracia, feminismo, jornalismo investigativo, adapta\u00e7\u00f5es audiovisuais, cultura&nbsp;<em>geek<\/em>&nbsp;(f\u00e3s de tecnologia) e pop, LGBTQIAP+, sa\u00fade mental, ancestralidade e tend\u00eancias do mercado liter\u00e1rio, al\u00e9m da conex\u00e3o de m\u00fasica e&nbsp;<em>streaming<\/em>&nbsp;(tecnologia de transmiss\u00e3o de dados pela internet, sem baixar conte\u00fado).<\/p>\n\n\n\n<p>Entre os autores internacionais, estar\u00e3o os norte-americanos Matt Ruff, Julia Quinn e Beverly Jenkins, a argentina Mariana Enriquez, a australiana Monica Gagliano e o japon\u00eas Junji Ito, um dos mais conceituados no universo dos mang\u00e1s. A Bienal receber\u00e1 ainda nomes como Concei\u00e7\u00e3o Evaristo, Itamar Vieira, A\u00edlton Krenak, Caco Barcellos e L\u00e1zaro Ramos, entre outros.<\/p>\n\n\n\n<h2 class=\"wp-block-heading\">Crian\u00e7as<\/h2>\n\n\n\n<p>Para os pequenos leitores, o programa Petrobras Cultural oferece o Espa\u00e7o Metamorfoses, inspirado nas mudan\u00e7as do mundo e da leitura, que traz uma exposi\u00e7\u00e3o imersiva com cen\u00e1rios interativos e l\u00fadicos, que proporcionar\u00e3o a cada visitante mirim a possibilidade de vivenciar uma viagem liter\u00e1ria em diversas linguagens.<\/p>\n\n\n\n<p>Nesse espa\u00e7o, crian\u00e7as com defici\u00eancia visual poder\u00e3o fazer uma visita guiada. Al\u00e9m disso, todas as sess\u00f5es da programa\u00e7\u00e3o oficial&nbsp;ter\u00e3o tradu\u00e7\u00e3o simult\u00e2nea em libras. A Bienal deste ano&nbsp;ter\u00e1 formato h\u00edbrido, com o conte\u00fado transmitido em tempo real pelo&nbsp;<em>site<\/em>&nbsp;<a href=\"https:\/\/bienaldolivro.com.br\/evento-2021\/\" target=\"_blank\" rel=\"noreferrer noopener\">www.bienalrio.com.br<\/a>.<\/p>\n\n\n\n<p>Os ingressos podem ser adquiridos&nbsp;no&nbsp;<a href=\"http:\/\/site%20do%20evento\/\" target=\"_blank\" rel=\"noreferrer noopener\"><em>site<\/em><\/a>&nbsp;e tamb\u00e9m estar\u00e3o dispon\u00edveis em bilheteria f\u00edsica, com n\u00famero limitado, durante o festival. A diretora da GL events, respons\u00e1vel pela Bienal, Tatiana Zaccaro, disse que essa edi\u00e7\u00e3o da Bienal \u00e9 muito especial porque, ao mesmo tempo que demonstra a responsabilidade que o momento atual, ainda de pandemia, exige, traz \u201ca energia do reencontro e a pot\u00eancia das conex\u00f5es com o universo liter\u00e1rio e as diferentes linguagens e temas. Nosso prop\u00f3sito de estimular a leitura para transformar o pa\u00eds est\u00e1 ainda mais presente, com uma programa\u00e7\u00e3o plural e de bastante qualidade&#8221;, afirmou.<\/p>\n\n\n\n<h2 class=\"wp-block-heading\">Servi\u00e7o<\/h2>\n\n\n\n<p>A Bienal se estender\u00e1 at\u00e9 o pr\u00f3ximo dia 12, nos hor\u00e1rios das 9h \u00e0s 21h, de&nbsp;segunda&nbsp;a&nbsp;quinta-feira; das 9h \u00e0s 22h, \u00e0s sextas-feiras; e das 10h \u00e0s 22h, aos s\u00e1bados e domingos. O ingresso custa R$ 40 (inteira) e R$ 20 (meia-entrada).<\/p>\n\n\n\n<p>De acordo com os organizadores, a meia-entrada \u00e9 v\u00e1lida para estudantes, idosos, portadores de necessidades especiais e acompanhantes, jovens de 15 a 29 anos pertencentes a fam\u00edlias de baixa renda, menores de 21 anos e professores e profissionais da rede p\u00fablica de ensino do Rio&nbsp;de Janeiro. Crian\u00e7as com at\u00e9 um metro de altura&nbsp;ter\u00e3o direito \u00e0 gratuidade, al\u00e9m de guias de turismo com carteira emitida pelo Instituto Brasileiro de Turismo (&nbsp;Embratur) e acompanhados de caravanas de turistas e grupos escolares. Autores, bibliotec\u00e1rios, profissionais de livros e professores tamb\u00e9m&nbsp;ter\u00e3o direito \u00e0 gratuidade no dia e turno escolhido para visita \u00e0 feira, mediante cadastro&nbsp;<em>online<\/em>&nbsp;pr\u00e9vio no&nbsp;<em>site<\/em>&nbsp;oficial da Bienal.<\/p>\n\n\n\n<p>A solenidade de abertura&nbsp;ter\u00e1 com a presen\u00e7a do prefeito do Rio, Eduardo Paes, e dos secret\u00e1rios estaduais e municipais da Cultura e da Educa\u00e7\u00e3o.<\/p>\n","protected":false},"excerpt":{"rendered":"<p>A Bienal do Livro Rio, considerada a maior festa liter\u00e1ria do pa\u00eds,&nbsp;ter\u00e1 sua 20\u00aa edi\u00e7\u00e3o<\/p>\n","protected":false},"author":2,"featured_media":25815,"comment_status":"open","ping_status":"open","sticky":false,"template":"","format":"standard","meta":{"footnotes":""},"categories":[19,17],"tags":[],"class_list":["post-25814","post","type-post","status-publish","format-standard","has-post-thumbnail","hentry","category-educacao","category-outras-noticias"],"_links":{"self":[{"href":"https:\/\/tvc16.com\/portal\/wp-json\/wp\/v2\/posts\/25814","targetHints":{"allow":["GET"]}}],"collection":[{"href":"https:\/\/tvc16.com\/portal\/wp-json\/wp\/v2\/posts"}],"about":[{"href":"https:\/\/tvc16.com\/portal\/wp-json\/wp\/v2\/types\/post"}],"author":[{"embeddable":true,"href":"https:\/\/tvc16.com\/portal\/wp-json\/wp\/v2\/users\/2"}],"replies":[{"embeddable":true,"href":"https:\/\/tvc16.com\/portal\/wp-json\/wp\/v2\/comments?post=25814"}],"version-history":[{"count":1,"href":"https:\/\/tvc16.com\/portal\/wp-json\/wp\/v2\/posts\/25814\/revisions"}],"predecessor-version":[{"id":25816,"href":"https:\/\/tvc16.com\/portal\/wp-json\/wp\/v2\/posts\/25814\/revisions\/25816"}],"wp:featuredmedia":[{"embeddable":true,"href":"https:\/\/tvc16.com\/portal\/wp-json\/wp\/v2\/media\/25815"}],"wp:attachment":[{"href":"https:\/\/tvc16.com\/portal\/wp-json\/wp\/v2\/media?parent=25814"}],"wp:term":[{"taxonomy":"category","embeddable":true,"href":"https:\/\/tvc16.com\/portal\/wp-json\/wp\/v2\/categories?post=25814"},{"taxonomy":"post_tag","embeddable":true,"href":"https:\/\/tvc16.com\/portal\/wp-json\/wp\/v2\/tags?post=25814"}],"curies":[{"name":"wp","href":"https:\/\/api.w.org\/{rel}","templated":true}]}}