{"id":25817,"date":"2021-12-03T14:56:53","date_gmt":"2021-12-03T17:56:53","guid":{"rendered":"https:\/\/tvc16.com\/portal\/?p=25817"},"modified":"2021-12-03T14:56:54","modified_gmt":"2021-12-03T17:56:54","slug":"vacinas-agem-contra-covid-grave-mesmo-com-nova-variante","status":"publish","type":"post","link":"https:\/\/tvc16.com\/portal\/2021\/12\/03\/vacinas-agem-contra-covid-grave-mesmo-com-nova-variante\/","title":{"rendered":"Vacinas agem contra covid grave, mesmo com nova variante"},"content":{"rendered":"\n<p>Cientistas sul-africanos conclu\u00edram&nbsp;que as vacinas existentes contra a covid-19 evitam a doen\u00e7a grave com a variante \u00d4micron do SARS-CoV-2. Avan\u00e7os preliminares de um estudo indicam que o teste de PCR permite perceber se o cont\u00e1gio \u00e9 com a nova muta\u00e7\u00e3o, sem ter que segmentar o genoma.<img decoding=\"async\" src=\"https:\/\/agenciabrasil.ebc.com.br\/ebc.png?id=1430263&amp;o=node\"><img decoding=\"async\" src=\"https:\/\/agenciabrasil.ebc.com.br\/ebc.gif?id=1430263&amp;o=node\"><\/p>\n\n\n\n<p>A Rede de Vigil\u00e2ncia do Genoma da \u00c1frica do Sul (NGS-SA) apresentou os estudos sobre a \u00d4micron \u00e0 Comiss\u00e3o de Sa\u00fade do Parlamento.<\/p>\n\n\n\n<p>Apesar de ainda necessitarem de tempo para ajustar os dados, sobre o que j\u00e1 consideram o in\u00edcio da quarta onda&nbsp;da pandemia, garantem que est\u00e3o concentrados na transmissibilidade e no efeito da imunidade que as vacinas proporcionam.<\/p>\n\n\n\n<p>\u201cA gen\u00e9tica da \u00d4micron \u00e9 completamente diferente da variante Delta ou das variantes anteriores\u201d, afirmou Richard Lessels, especialista em doen\u00e7as infectocontagiosas.<\/p>\n\n\n\n<p>Os cientistas ainda n\u00e3o sabem se o per\u00edodo da incuba\u00e7\u00e3o se mant\u00e9m numa m\u00e9dia de cinco dias. No entanto, Lessels garante que \u201cas vacinas s\u00e3o a ferramenta que pode evitar a doen\u00e7a grave e a hospitaliza\u00e7\u00e3o\u201d.<\/p>\n\n\n\n<p>\u201cEstamos preocupados n\u00e3o tanto com o n\u00famero de muta\u00e7\u00f5es, mas onde elas est\u00e3o concentradas, porque muitas delas o fazem no pico da prote\u00edna e, especificamente, em partes-chave que s\u00e3o importantes para ter acesso \u00e0s nossas c\u00e9lulas. N\u00e3o sabemos se os anticorpos s\u00e3o capazes de lidar com elas\u201d, acrescentou.<\/p>\n\n\n\n<p>O especialista&nbsp;destacou que, \u201cembora a maioria dos casos positivos com a nova variante tenha sintomas ligeiros, \u00e9 muito cedo para dizer o n\u00edvel de periculosidade&nbsp;da \u00d4micron, porque foi detectada muito recentemente. N\u00e3o sabemos se vamos ver casos mais graves\u201d.<\/p>\n\n\n\n<p>A variante j\u00e1 est\u00e1 presente em todas as prov\u00edncias da \u00c1frica do Sul. A&nbsp;d\u00favida dos especialistas \u00e9 se ela vai substituir a Delta \u201cque se propagava a n\u00edveis muito baixos\u201d. Lessels afirma&nbsp;que o teste PCR \u00e9 capaz de detectar a nova variante sem a necessidade de sequenciar o genoma.<\/p>\n\n\n\n<p>\u201cSe um dos tr\u00eas sinais ou alvos do PCR \u00e9 negativo e os outros dois positivos, ent\u00e3o o teste continua positivo, mas algo diferente \u00e9 observado. N\u00e3o \u00e9 poss\u00edvel detectar o gene&nbsp;<em>Skipe<\/em>. E foi o que aconteceu no laborat\u00f3rio Lancet, em Gauteng [prov\u00edncia no norte da \u00c1frica do Sul], onde descobriram que alguns casos positivos tinham esta marca: o nocaute do gene, o que&nbsp;n\u00e3o acontece com a variante Delta. Por isso, com o PCR podemos acompanhar o rastreamento da \u00d4micron em tempo real, n\u00e3o \u00e9 necess\u00e1rio ter a sequ\u00eancia gen\u00e9tica completa, o que costuma demorar duas semanas em laborat\u00f3rio\u201d, explicou.<\/p>\n\n\n\n<p>O Instituto Nacional de Doen\u00e7as Infecciosas da \u00c1frica do Sul confirmou, em novembro, que de 249 sequ\u00eancias localizadas, 183 eram da \u00d4micron. A imunidade p\u00f3s-covid-19, cuja dura\u00e7\u00e3o \u00e9 desconhecida, n\u00e3o oferece prote\u00e7\u00e3o contra a nova variante.<\/p>\n\n\n\n<p>A prov\u00edncia de Gauteng (a mais populosa do pa\u00eds e que inclui as cidades de Pret\u00f3ria e Joanesburgo) continua a ser a que apresenta mais casos positivos di\u00e1rios, seguindo-se KuaZulu-Natal e Cabo Ocidental.<\/p>\n\n\n\n<p>Oito dos 15 milh\u00f5es dos habitantes de Gauteng n\u00e3o foram vacinados, e a taxa de transmissibilidade passou de um para 2,3.<\/p>\n\n\n\n<p>\u201c\u00c9 claro que os jovens n\u00e3o vacinados s\u00e3o uma grande preocupa\u00e7\u00e3o. Continuamos a enviar a mensagem de que ser vacinado \u00e9 importante porque as pessoas imunizadas est\u00e3o apresentando sintomas mais leves\u201d, afirmou David Makhura, primeiro-ministro de Gauteng.<\/p>\n\n\n\n<p>A \u00d4micron foi detectada em mais de 20 pa\u00edses, mas a \u00c1frica do Sul e Botsuana continuam a ser respons\u00e1veis por 62% dos novos casos identificados no mundo.<\/p>\n","protected":false},"excerpt":{"rendered":"<p>Cientistas sul-africanos conclu\u00edram&nbsp;que as vacinas existentes contra a covid-19 evitam a doen\u00e7a grave com a<\/p>\n","protected":false},"author":2,"featured_media":25818,"comment_status":"open","ping_status":"open","sticky":false,"template":"","format":"standard","meta":{"footnotes":""},"categories":[17,13],"tags":[],"class_list":["post-25817","post","type-post","status-publish","format-standard","has-post-thumbnail","hentry","category-outras-noticias","category-saude"],"_links":{"self":[{"href":"https:\/\/tvc16.com\/portal\/wp-json\/wp\/v2\/posts\/25817","targetHints":{"allow":["GET"]}}],"collection":[{"href":"https:\/\/tvc16.com\/portal\/wp-json\/wp\/v2\/posts"}],"about":[{"href":"https:\/\/tvc16.com\/portal\/wp-json\/wp\/v2\/types\/post"}],"author":[{"embeddable":true,"href":"https:\/\/tvc16.com\/portal\/wp-json\/wp\/v2\/users\/2"}],"replies":[{"embeddable":true,"href":"https:\/\/tvc16.com\/portal\/wp-json\/wp\/v2\/comments?post=25817"}],"version-history":[{"count":1,"href":"https:\/\/tvc16.com\/portal\/wp-json\/wp\/v2\/posts\/25817\/revisions"}],"predecessor-version":[{"id":25819,"href":"https:\/\/tvc16.com\/portal\/wp-json\/wp\/v2\/posts\/25817\/revisions\/25819"}],"wp:featuredmedia":[{"embeddable":true,"href":"https:\/\/tvc16.com\/portal\/wp-json\/wp\/v2\/media\/25818"}],"wp:attachment":[{"href":"https:\/\/tvc16.com\/portal\/wp-json\/wp\/v2\/media?parent=25817"}],"wp:term":[{"taxonomy":"category","embeddable":true,"href":"https:\/\/tvc16.com\/portal\/wp-json\/wp\/v2\/categories?post=25817"},{"taxonomy":"post_tag","embeddable":true,"href":"https:\/\/tvc16.com\/portal\/wp-json\/wp\/v2\/tags?post=25817"}],"curies":[{"name":"wp","href":"https:\/\/api.w.org\/{rel}","templated":true}]}}