{"id":2594,"date":"2020-10-13T01:40:50","date_gmt":"2020-10-13T01:40:50","guid":{"rendered":"https:\/\/tvc16.com\/portal\/?p=2594"},"modified":"2020-10-13T01:40:50","modified_gmt":"2020-10-13T01:40:50","slug":"frente-parlamentar-pede-aumento-no-orcamento-da-agricultura-familiar-para-2021","status":"publish","type":"post","link":"https:\/\/tvc16.com\/portal\/2020\/10\/13\/frente-parlamentar-pede-aumento-no-orcamento-da-agricultura-familiar-para-2021\/","title":{"rendered":"Frente parlamentar pede aumento no or\u00e7amento da agricultura familiar para 2021"},"content":{"rendered":"\n<p>A Frente Parlamentar da Agricultura Familiar, na C\u00e2mara dos Deputados, convoca entidades do setor e deputados a estarem em Bras\u00edlia a partir do dia 19 de outubro. O motivo? Pressionar pela elabora\u00e7\u00e3o de emendas que recomponham o Or\u00e7amento de 2021 para o setor (<a href=\"https:\/\/www.congressonacional.leg.br\/materias\/pesquisa\/-\/materia\/144429\" target=\"_blank\" rel=\"noreferrer noopener\">PLN 28\/2020<\/a>).<\/p>\n\n\n\n<p>Em reuni\u00e3o virtual da Frente, na&nbsp;\u00faltima quinta-feira (8), foram feitas duas apresenta\u00e7\u00f5es que mostraram queda de recursos em quase todos os programas. Uma das a\u00e7\u00f5es citadas pela consultoria de Or\u00e7amento da C\u00e2mara \u00e9 a de aquisi\u00e7\u00e3o e distribui\u00e7\u00e3o de alimentos da agricultura familiar, que teve queda de 33% no projeto do Or\u00e7amento para 2021 em rela\u00e7\u00e3o ao deste ano.&nbsp;<\/p>\n\n\n\n<p>O programa de assist\u00eancia t\u00e9cnica e extens\u00e3o rural tamb\u00e9m teve uma redu\u00e7\u00e3o de 40%. Em rela\u00e7\u00e3o \u00e0 proposta de 2020, o item promo\u00e7\u00e3o da agricultura familiar sofreu uma queda de 16%, mas na compara\u00e7\u00e3o com 2019, a redu\u00e7\u00e3o \u00e9 de mais de 90%.<\/p>\n\n\n\n<p>Representantes do setor afirmaram que a queda vem ocorrendo desde 2017 e que \u00e9 preciso mais aten\u00e7\u00e3o \u00e0 agricultura familiar.&nbsp;<\/p>\n\n\n\n<p>Fonte: <a href=\"https:\/\/brasil61.com\/noticias\/frente-parlamentar-pede-aumento-no-orcamento-da-agricultura-familiar-para-2021-bras202159\" target=\"_blank\" rel=\"noreferrer noopener\">Brasil 61<\/a><\/p>\n","protected":false},"excerpt":{"rendered":"<p>A Frente Parlamentar da Agricultura Familiar, na C\u00e2mara dos Deputados, convoca entidades do setor e<\/p>\n","protected":false},"author":2,"featured_media":2595,"comment_status":"open","ping_status":"open","sticky":false,"template":"","format":"standard","meta":{"footnotes":""},"categories":[17],"tags":[],"class_list":["post-2594","post","type-post","status-publish","format-standard","has-post-thumbnail","hentry","category-outras-noticias"],"_links":{"self":[{"href":"https:\/\/tvc16.com\/portal\/wp-json\/wp\/v2\/posts\/2594","targetHints":{"allow":["GET"]}}],"collection":[{"href":"https:\/\/tvc16.com\/portal\/wp-json\/wp\/v2\/posts"}],"about":[{"href":"https:\/\/tvc16.com\/portal\/wp-json\/wp\/v2\/types\/post"}],"author":[{"embeddable":true,"href":"https:\/\/tvc16.com\/portal\/wp-json\/wp\/v2\/users\/2"}],"replies":[{"embeddable":true,"href":"https:\/\/tvc16.com\/portal\/wp-json\/wp\/v2\/comments?post=2594"}],"version-history":[{"count":1,"href":"https:\/\/tvc16.com\/portal\/wp-json\/wp\/v2\/posts\/2594\/revisions"}],"predecessor-version":[{"id":2596,"href":"https:\/\/tvc16.com\/portal\/wp-json\/wp\/v2\/posts\/2594\/revisions\/2596"}],"wp:featuredmedia":[{"embeddable":true,"href":"https:\/\/tvc16.com\/portal\/wp-json\/wp\/v2\/media\/2595"}],"wp:attachment":[{"href":"https:\/\/tvc16.com\/portal\/wp-json\/wp\/v2\/media?parent=2594"}],"wp:term":[{"taxonomy":"category","embeddable":true,"href":"https:\/\/tvc16.com\/portal\/wp-json\/wp\/v2\/categories?post=2594"},{"taxonomy":"post_tag","embeddable":true,"href":"https:\/\/tvc16.com\/portal\/wp-json\/wp\/v2\/tags?post=2594"}],"curies":[{"name":"wp","href":"https:\/\/api.w.org\/{rel}","templated":true}]}}