{"id":2600,"date":"2020-10-13T01:44:29","date_gmt":"2020-10-13T01:44:29","guid":{"rendered":"https:\/\/tvc16.com\/portal\/?p=2600"},"modified":"2020-10-13T01:44:29","modified_gmt":"2020-10-13T01:44:29","slug":"desburocratizacao-para-micro-e-pequenos-negocios-pode-dar-folego-a-economia-no-pos-pandemia","status":"publish","type":"post","link":"https:\/\/tvc16.com\/portal\/2020\/10\/13\/desburocratizacao-para-micro-e-pequenos-negocios-pode-dar-folego-a-economia-no-pos-pandemia\/","title":{"rendered":"Desburocratiza\u00e7\u00e3o para micro e pequenos neg\u00f3cios pode dar f\u00f4lego \u00e0 economia no p\u00f3s-pandemia"},"content":{"rendered":"\n<p>Abrir um pequeno neg\u00f3cio hoje no Brasil pode ser um desafio e uma grande dor de cabe\u00e7a. Com a era digital, o tempo que se leva para ser um empreendedor \u00e9, em m\u00e9dia, 2 dias e 21 horas. Mas nem sempre \u00e9 assim. Em alguns estados, a burocracia pode se arrastar por semanas e at\u00e9 meses. Com o atual cen\u00e1rio de pandemia, desburocratizar processos pode salvar empregos, rendas e sonhos.<\/p>\n\n\n\n<p>Esse \u00e9 o caso do Robson Silva, 41 anos, morador do bairro da Aclima\u00e7\u00e3o (SP). O dono da marca \u201c<a href=\"https:\/\/bananeiradasilva.com.br\/\" target=\"_blank\" rel=\"noreferrer noopener\">Bananeira da Silva<\/a>\u201d, idealizada para atender a todos os p\u00fablicos com roupas ag\u00eanero, se planejou no in\u00edcio do ano para abrir a loja em fevereiro, mas os planos tiveram que ser mudados. \u201cJ\u00e1 comecei dentro da pandemia\u201d, lembra.&nbsp;<\/p>\n\n\n\n<p>Para ele, abrir um pequeno neg\u00f3cio no meio da pandemia do novo coronav\u00edrus foi um grande desafio. \u201cN\u00e3o consegui ir para a rua mostrar o trabalho nem tirar as fotos das roupas para colocar no site do jeito que eu gostaria. Hoje, trabalho sozinho dentro da minha casa, tenho um ateli\u00ea.\u201d&nbsp;<\/p>\n\n\n\n<p>Com as vendas virtuais crescendo por conta do cen\u00e1rio, Robson conta com a ajuda de um motoboy para fazer as entregas dos pedidos. \u201cH\u00e1 poucas semanas, com a economia retomando, consegui trazer minhas duas irm\u00e3s para trabalhar comigo\u201d, comemora.&nbsp;<\/p>\n\n\n\n<p>Robson revela que uma das maiores dificuldades nesse tempo foi a obten\u00e7\u00e3o de cr\u00e9dito. \u201cFiquei um pouco desesperado no segundo m\u00eas, porque pensei que todo o dinheiro que eu tinha investido estava se esvaindo. Perguntei ao meu gerente do banco sobre como funcionavam as linhas de cr\u00e9dito e ele disse que eu n\u00e3o conseguiria uma linha porque minha empresa era muito nova \u2013 s\u00f3 que eu sou cliente do banco h\u00e1 quase 20 anos\u201d, recorda.&nbsp;<\/p>\n\n\n\n<figure class=\"wp-block-image\"><img decoding=\"async\" src=\"\/\/s3-sa-east-1.amazonaws.com\/agencia-radio-arb\/3000\/content_pequenos-negocios_%281%29.png\" alt=\"\" title=\"Cria\u00e7\u00e3o: \u00c9rica Passos\"\/><\/figure>\n\n\n\n<p>Al\u00e9m da dor de cabe\u00e7a com o banco, o empreendedor ainda teve de lidar com a demora da &nbsp;documenta\u00e7\u00e3o para regulamentar a empresa. \u201cForam mais de 30 dias, isso porque foi feito por um profissional\u201d, dispara. Al\u00e9m disso, ele conta, toda a burocracia e a \u201ctonelada\u201d de pap\u00e9is para assinar adiaram ainda mais a inaugura\u00e7\u00e3o da loja, que passou de fevereiro para abril. \u201cMas tudo bem, acho at\u00e9 que foi bom, porque a\u00ed eu tive que usar muito mais a minha imagina\u00e7\u00e3o, que foi o que aconteceu, para eu conseguir vender\u201d, decreta Robson.&nbsp;<\/p>\n\n\n\n<p>Em mar\u00e7o, com o in\u00edcio da pandemia, havia pouco menos de 30 linhas de cr\u00e9dito para micro e pequenas empresas, segundo levantamento do Servi\u00e7o Brasileiro de Apoio \u00e0s Micro e Pequenas Empresas (Sebrae). Hoje, j\u00e1 s\u00e3o mais de 180 linhas para esse p\u00fablico.&nbsp;<\/p>\n\n\n\n<p>\u201cAumentaram, sim, as linhas, os produtos. Mas n\u00e3o h\u00e1 resultado efetivo na acessibilidade ao cr\u00e9dito. O acesso ao cr\u00e9dito continua muito aqu\u00e9m do necess\u00e1rio\u201d, lamenta o presidente do Sebrae, Carlos Melles.&nbsp;<\/p>\n\n\n\n<p><strong><a href=\"https:\/\/brasil61.com\/noticias\/a-micro-e-pequena-empresa-e-a-teia-que-sustenta-qualquer-pais-afirma-presidente-do-sebrae-bras202155\" target=\"_blank\" rel=\"noreferrer noopener\">\u201cA micro e pequena empresa \u00e9 a teia que sustenta qualquer pa\u00eds\u201d, afirma presidente do Sebrae<\/a><\/strong><\/p>\n\n\n\n<p>Para o representante nacional da entidade, \u00e9 preciso mais aten\u00e7\u00e3o aos donos de micro e pequenas empresas, pois a retomada da economia pode passar primeiro por esse nicho. \u201cA micro e pequena empresa, no Brasil e no mundo inteiro, \u00e9 a teia que sustenta qualquer pa\u00eds. \u00c9 a padaria, a loja de roupa, todos os segmentos da sociedade. O Brasil vem aperfei\u00e7oando esse ambiente de melhoria de conviv\u00eancia com a micro e pequena empresa\u201d, garante Melles.&nbsp;<\/p>\n\n\n\n<p>O Sebrae representa, hoje, cerca de 18 milh\u00f5es de donos de micro e pequenas empresas. Desses, 11 milh\u00f5es s\u00e3o microempreendedores individuais (MEIs). \u201cNesse setor, tamb\u00e9m se fatura aproximadamente 30% da riqueza do Brasil e emprega 55% dos brasileiros com carteira assinada\u201d, calcula o presidente.&nbsp;<\/p>\n\n\n\n<figure class=\"wp-block-embed-youtube wp-block-embed is-type-rich is-provider-incorporar-manipulador wp-embed-aspect-16-9 wp-has-aspect-ratio\"><div class=\"wp-block-embed__wrapper\">\n<iframe loading=\"lazy\" title=\"PRESIDENTE SEBRAE - Carlos Melles\" width=\"640\" height=\"360\" src=\"https:\/\/www.youtube.com\/embed\/TPUA7NKY18Y?feature=oembed\" frameborder=\"0\" allow=\"accelerometer; autoplay; clipboard-write; encrypted-media; gyroscope; picture-in-picture; web-share\" referrerpolicy=\"strict-origin-when-cross-origin\" allowfullscreen><\/iframe>\n<\/div><\/figure>\n\n\n\n<h2 class=\"wp-block-heading\">Gera\u00e7\u00e3o de emprego<\/h2>\n\n\n\n<p>Priscilla Macedo e Raniery Pessoa s\u00e3o propriet\u00e1rios de tr\u00eas unidades de um centro de est\u00e9tica no Distrito Federal. H\u00e1 tr\u00eas anos no ramo, Priscilla conta que empreender no Brasil n\u00e3o \u00e9 f\u00e1cil, mas que superou os desafios. Com a pandemia, a empres\u00e1ria teve que adiar alguns planos.&nbsp;<\/p>\n\n\n\n<p>\u201cQuando come\u00e7ou a pandemia, ficamos muito receosos sem saber qual a gravidade do v\u00edrus, quanto tempo ia durar, quanto tempo ter\u00edamos que ficar parados. N\u00f3s est\u00e1vamos vivendo num per\u00edodo de ascens\u00e3o, em que est\u00e1vamos investindo bastante no crescimento da empresa, e tivemos que frear tudo, at\u00e9 retroceder um pouco. Demitimos algumas pessoas. Nos meses em que ficamos parados, nosso faturamento caiu muito. Fizemos vendas on-line, mas n\u00e3o chegou nem \u00e0 metade do que fatur\u00e1vamos quando abertos, porque n\u00e3o pod\u00edamos entregar os servi\u00e7os. Afetou bastante nosso caixa e nossa equipe\u201d, relata.&nbsp;<\/p>\n\n\n\n<p>Enquanto mantiveram as unidades fechadas, Priscilla e Raniery pegaram uma linha de cr\u00e9dito do governo federal. \u201cIsso ajudou a nos manter nesse tempo que ficamos fechados e que faturamos bem pouco.\u201d<\/p>\n\n\n\n<p>Agora, passado o per\u00edodo mais cr\u00edtico para o casal, Priscila comemora o retorno \u00e0s atividades. \u201cN\u00f3s recontratamos todo mundo. Al\u00e9m das recontrata\u00e7\u00f5es, empregamos mais dez pessoas. Expandimos o n\u00famero de vagas nas cl\u00ednicas que a gente j\u00e1 tinha e abrimos uma terceira unidade. Hoje temos 31 funcion\u00e1rios.\u201d<\/p>\n\n\n\n<figure class=\"wp-block-embed-youtube wp-block-embed is-type-rich is-provider-incorporar-manipulador wp-embed-aspect-16-9 wp-has-aspect-ratio\"><div class=\"wp-block-embed__wrapper\">\n<iframe loading=\"lazy\" title=\"Pequenos nego\u0301cios_contratac\u0327a\u0303o durante a pandemia\" width=\"640\" height=\"360\" src=\"https:\/\/www.youtube.com\/embed\/ucjIV_L7fJA?feature=oembed\" frameborder=\"0\" allow=\"accelerometer; autoplay; clipboard-write; encrypted-media; gyroscope; picture-in-picture; web-share\" referrerpolicy=\"strict-origin-when-cross-origin\" allowfullscreen><\/iframe>\n<\/div><\/figure>\n\n\n\n<h2 class=\"wp-block-heading\">Apoio a gestores&nbsp;<\/h2>\n\n\n\n<p>Lan\u00e7ado recentemente pela entidade e parceiros, o documento \u201c<a href=\"https:\/\/www.sebrae.com.br\/Sebrae\/Portal%20Sebrae\/Sites%20Modulares\/Agentes%20P%C3%BAblicos\/Guia%20de%20Empreendedorismo%20do%20Candidato.pdf\" target=\"_blank\" rel=\"noreferrer noopener\">Seja um candidato empreendedor \u2013 10 dicas do Sebrae<\/a>\u201d traz informa\u00e7\u00f5es que podem auxiliar candidatos (as) a prefeito (a) e vereador (a) nessas elei\u00e7\u00f5es municipais a valorizarem os pequenos neg\u00f3cios e movimentar a economia local. Entre elas, a de incluir o desenvolvimento econ\u00f4mico na agenda de prioridades da gest\u00e3o do munic\u00edpio; construir forte parceria com o setor produtivo; investir em programa de desenvolvimento a partir das voca\u00e7\u00f5es e oportunidades do munic\u00edpio e regi\u00e3o e estimular e facilitar a formaliza\u00e7\u00e3o de empreendimentos e de MEIs. &nbsp;<\/p>\n\n\n\n<p>O guia aconselha os novos gestores (as) a inclu\u00edrem pautas que valorizem o empreendedorismo. Uma delas aborda exatamente a desburocratiza\u00e7\u00e3o de processos na abertura de pequenos neg\u00f3cios. O gestor pode reduzir o tempo de abertura de empresas, adotando a premissa de boa-f\u00e9, a simplifica\u00e7\u00e3o de processos e o licenciamento online, por meio da ades\u00e3o \u00e0 Redesim; incentivar a constru\u00e7\u00e3o civil, simplificando a emiss\u00e3o de alvar\u00e1s de constru\u00e7\u00e3o, e valorizar os pequenos neg\u00f3cios por meio da aplica\u00e7\u00e3o da Lei da Liberdade Econ\u00f4mica, entre outros.&nbsp;<\/p>\n\n\n\n<figure class=\"wp-block-image\"><img decoding=\"async\" src=\"\/\/s3-sa-east-1.amazonaws.com\/agencia-radio-arb\/3001\/content_sebrae_%281%29.png\" alt=\"\" title=\"Cria\u00e7\u00e3o: \u00c9rica Passos\"\/><\/figure>\n\n\n\n<p>O presidente da Confedera\u00e7\u00e3o Nacional de Munic\u00edpios (CNM), Glademir Aroldi, acredita que os novos gestores municipais ter\u00e3o uma oportunidade de mudar o atual cen\u00e1rio.&nbsp;<\/p>\n\n\n\n<p>\u201cTodos n\u00f3s sabemos do momento que estamos enfrentando, com impactos severos na sa\u00fade, na educa\u00e7\u00e3o, na assist\u00eancia social e impacto negativo tamb\u00e9m na economia brasileira. Mais oportuno imposs\u00edvel a gente colocar o guia \u00e0 disposi\u00e7\u00e3o dos candidatos. Os pequenos neg\u00f3cios representam a for\u00e7a da economia no Brasil, pois s\u00e3o respons\u00e1veis pela gera\u00e7\u00e3o de empregos e de renda, que \u00e9 o que precisamos hoje\u201d, avalia Aroldi.&nbsp;<\/p>\n\n\n\n<p>O guia \u00e9 uma iniciativa do Sebrae com apoio da Frente Parlamentar Mista da Micro e Pequena Empresa, da Confedera\u00e7\u00e3o Nacional dos Munic\u00edpios (CNM), da Frente Nacional de Prefeitos (FNP), do Instituto Rui Barbosa, com a Associa\u00e7\u00e3o Nacional dos Membros do Minist\u00e9rio P\u00fablico, e da Associa\u00e7\u00e3o dos Membros dos Tribunais de Contas do Brasil.&nbsp;<\/p>\n\n\n\n<p>Fonte: <a href=\"https:\/\/brasil61.com\/noticias\/desburocratizacao-para-micro-e-pequenos-negocios-pode-dar-folego-a-economia-no-pos-pandemia-sebr200007\" target=\"_blank\" rel=\"noreferrer noopener\">Brasil 61<\/a><\/p>\n","protected":false},"excerpt":{"rendered":"<p>Abrir um pequeno neg\u00f3cio hoje no Brasil pode ser um desafio e uma grande dor<\/p>\n","protected":false},"author":2,"featured_media":2601,"comment_status":"open","ping_status":"open","sticky":false,"template":"","format":"standard","meta":{"footnotes":""},"categories":[18],"tags":[],"class_list":["post-2600","post","type-post","status-publish","format-standard","has-post-thumbnail","hentry","category-economia"],"_links":{"self":[{"href":"https:\/\/tvc16.com\/portal\/wp-json\/wp\/v2\/posts\/2600","targetHints":{"allow":["GET"]}}],"collection":[{"href":"https:\/\/tvc16.com\/portal\/wp-json\/wp\/v2\/posts"}],"about":[{"href":"https:\/\/tvc16.com\/portal\/wp-json\/wp\/v2\/types\/post"}],"author":[{"embeddable":true,"href":"https:\/\/tvc16.com\/portal\/wp-json\/wp\/v2\/users\/2"}],"replies":[{"embeddable":true,"href":"https:\/\/tvc16.com\/portal\/wp-json\/wp\/v2\/comments?post=2600"}],"version-history":[{"count":1,"href":"https:\/\/tvc16.com\/portal\/wp-json\/wp\/v2\/posts\/2600\/revisions"}],"predecessor-version":[{"id":2602,"href":"https:\/\/tvc16.com\/portal\/wp-json\/wp\/v2\/posts\/2600\/revisions\/2602"}],"wp:featuredmedia":[{"embeddable":true,"href":"https:\/\/tvc16.com\/portal\/wp-json\/wp\/v2\/media\/2601"}],"wp:attachment":[{"href":"https:\/\/tvc16.com\/portal\/wp-json\/wp\/v2\/media?parent=2600"}],"wp:term":[{"taxonomy":"category","embeddable":true,"href":"https:\/\/tvc16.com\/portal\/wp-json\/wp\/v2\/categories?post=2600"},{"taxonomy":"post_tag","embeddable":true,"href":"https:\/\/tvc16.com\/portal\/wp-json\/wp\/v2\/tags?post=2600"}],"curies":[{"name":"wp","href":"https:\/\/api.w.org\/{rel}","templated":true}]}}