{"id":2603,"date":"2020-10-13T01:47:31","date_gmt":"2020-10-13T01:47:31","guid":{"rendered":"https:\/\/tvc16.com\/portal\/?p=2603"},"modified":"2020-10-13T01:47:31","modified_gmt":"2020-10-13T01:47:31","slug":"numero-de-candidatos-indigenas-saltou-268-em-relacao-ao-pleito-de-2016","status":"publish","type":"post","link":"https:\/\/tvc16.com\/portal\/2020\/10\/13\/numero-de-candidatos-indigenas-saltou-268-em-relacao-ao-pleito-de-2016\/","title":{"rendered":"N\u00famero de candidatos ind\u00edgenas saltou 26,8% em rela\u00e7\u00e3o ao pleito de 2016"},"content":{"rendered":"\n<p>O n\u00famero de candidatos ind\u00edgenas para as Elei\u00e7\u00f5es Municipais de 2020 aumentou 26,8% na compara\u00e7\u00e3o com o pleito de 2016. O portal <a href=\"http:\/\/brasil61.com\">Brasil61.com<\/a> fez o levantamento com base nas estat\u00edsticas do Tribunal Superior Eleitoral (TSE), desta sexta-feira (9). H\u00e1 quatro anos, 1.715 autodeclarados \u00edndios se candidataram, ante os 2.176 registrados este ano.<\/p>\n\n\n\n<p>A quantidade de candidaturas ind\u00edgenas corresponde a 0,39% do total de candidatos registrados junto \u00e0 Justi\u00e7a Eleitoral, percentual bem pr\u00f3ximo ao tamanho dessa popula\u00e7\u00e3o no pa\u00eds. De acordo com o \u00faltimo Censo do IBGE (Instituto Brasileiro de Geografia e Estat\u00edstica), 0,4% dos brasileiros \u2014 cerca de 817 mil pessoas \u00e0 \u00e9poca \u2014 se declaravam \u00edndios. Enquanto a participa\u00e7\u00e3o ind\u00edgena na corrida eleitoral cresceu 26,8%, a de candidatos, em geral, subiu 10,7%.&nbsp;<\/p>\n\n\n\n<p>M\u00e1rcio Santilli, s\u00f3cio fundador do Instituto Socioambiental (ISA), destaca o engajamento cada vez expressivo das comunidades ind\u00edgenas no cena pol\u00edtica brasileira e ressalta que as elei\u00e7\u00f5es municipais s\u00e3o uma grande oportunidade para os povos tradicionais.&nbsp;<\/p>\n\n\n\n<p>\u201c\u00c9 crescente a participa\u00e7\u00e3o dos \u00edndios nos processos pol\u00edtico e eleitoral brasileiro nos \u00faltimos anos. Essa elei\u00e7\u00e3o \u00e9 uma oportunidade de avan\u00e7o significativa por parte dos \u00edndios na sua representa\u00e7\u00e3o local, apesar das condi\u00e7\u00f5es especiais do processo eleitoral em meio \u00e0 pandemia da Covid-19\u201d, avalia.&nbsp;<\/p>\n\n\n\n<p>A exemplo de 2016, todos os 26 estados do pa\u00eds t\u00eam ind\u00edgenas concorrendo para os cargos de prefeito, vice-prefeito ou vereador. O Amazonas, estado que possui um ter\u00e7o das localidades ind\u00edgenas no pa\u00eds, destaca-se com 492 candidaturas. Em 2016, foram 355. Em seguida, v\u00eam Mato Grosso do Sul (216), Roraima (148), Bahia (134) e Rio Grande do Sul (130). &nbsp;<\/p>\n\n\n\n<p>Na lista dos cinco estados com mais candidatos, quatro regi\u00f5es do pa\u00eds est\u00e3o representadas. Santilli refor\u00e7a que a maior participa\u00e7\u00e3o de \u00edndios nas elei\u00e7\u00f5es n\u00e3o \u00e9 exclusividade de alguns estados ou etnias. \u201cEvidentemente, essa \u00e9 uma presen\u00e7a tanto maior, quanto maior \u00e9 a popula\u00e7\u00e3o ind\u00edgena em cada local, como no Amazonas e em Mato Grosso do Sul. Mas vimos no Nordeste e no Sul do pa\u00eds, em v\u00e1rias regi\u00f5es, esse movimento crescente de participa\u00e7\u00e3o dos \u00edndios no processo eleitoral. N\u00e3o \u00e9 um privil\u00e9gio de uma etnia, acontece em rela\u00e7\u00e3o a todos.\u201d<\/p>\n\n\n\n<h2 class=\"wp-block-heading\">Motiva\u00e7\u00e3o<\/h2>\n\n\n\n<p>Para especialistas, a elei\u00e7\u00e3o de Jo\u00eania Wapichana para deputada federal, representando o estado de Roraima, tem um grande peso no crescimento de candidaturas ind\u00edgenas neste ano. \u201c\u00c9 uma deputada federal que tem dado uma visibilidade muito grande a quest\u00e3o ind\u00edgena e aos problemas enfrentados por eles em todas as regi\u00f5es do pa\u00eds. O exemplo dela motiva a participa\u00e7\u00e3o dos \u00edndios em v\u00e1rios estados brasileiros\u201d, afirma Santilli.&nbsp;<\/p>\n\n\n\n<p>Levantamento do Instituto Socioambiental (ISA) aponta que em 2016, foram eleitos 169 vereadores, 10 vice-prefeitos e seis prefeitos. Com mais candidatos registrados, a expectativa \u00e9 que um novo recorde se estabele\u00e7a.&nbsp;<\/p>\n\n\n\n<p>Al\u00e9m dos cases de sucesso recente, o maior n\u00famero de registro de candidatos ind\u00edgenas pode ser explicado pela atua\u00e7\u00e3o de lideran\u00e7as e movimentos representativos. Em 31 de agosto, por exemplo, a Articula\u00e7\u00e3o dos Povos Ind\u00edgenas do Brasil (APIB) divulgou uma carta em que convidava os ind\u00edgenas a se candidatarem.&nbsp;<\/p>\n\n\n\n<p>A Apib lan\u00e7ou, nesta sexta-feira, a plataforma Campanha Ind\u00edgena, uma mobiliza\u00e7\u00e3o para viabilizar e fortalecer candidaturas de \u00edndios nas elei\u00e7\u00f5es 2020.<\/p>\n\n\n\n<h2 class=\"wp-block-heading\">Pleito<\/h2>\n\n\n\n<p>Adiadas pelo Congresso Nacional por causa da pandemia da Covid-19, as elei\u00e7\u00f5es municipais deste ano v\u00e3o ocorrer nos dias 15 e 29 de novembro, datas do primeiro e do segundo turno. Cidad\u00e3os de 5.568 munic\u00edpios v\u00e3o escolher os seus representantes para os cargos de prefeito, vice-prefeito e vereador.&nbsp;<\/p>\n\n\n\n<p>Fonte: <a href=\"https:\/\/brasil61.com\/noticias\/numero-de-candidatos-indigenas-saltou-26-8-em-relacao-ao-pleito-de-2016-bras202179\" target=\"_blank\" rel=\"noreferrer noopener\">Brasil 61<\/a><\/p>\n","protected":false},"excerpt":{"rendered":"<p>O n\u00famero de candidatos ind\u00edgenas para as Elei\u00e7\u00f5es Municipais de 2020 aumentou 26,8% na compara\u00e7\u00e3o<\/p>\n","protected":false},"author":2,"featured_media":2604,"comment_status":"open","ping_status":"open","sticky":false,"template":"","format":"standard","meta":{"footnotes":""},"categories":[15],"tags":[],"class_list":["post-2603","post","type-post","status-publish","format-standard","has-post-thumbnail","hentry","category-politica"],"_links":{"self":[{"href":"https:\/\/tvc16.com\/portal\/wp-json\/wp\/v2\/posts\/2603","targetHints":{"allow":["GET"]}}],"collection":[{"href":"https:\/\/tvc16.com\/portal\/wp-json\/wp\/v2\/posts"}],"about":[{"href":"https:\/\/tvc16.com\/portal\/wp-json\/wp\/v2\/types\/post"}],"author":[{"embeddable":true,"href":"https:\/\/tvc16.com\/portal\/wp-json\/wp\/v2\/users\/2"}],"replies":[{"embeddable":true,"href":"https:\/\/tvc16.com\/portal\/wp-json\/wp\/v2\/comments?post=2603"}],"version-history":[{"count":1,"href":"https:\/\/tvc16.com\/portal\/wp-json\/wp\/v2\/posts\/2603\/revisions"}],"predecessor-version":[{"id":2605,"href":"https:\/\/tvc16.com\/portal\/wp-json\/wp\/v2\/posts\/2603\/revisions\/2605"}],"wp:featuredmedia":[{"embeddable":true,"href":"https:\/\/tvc16.com\/portal\/wp-json\/wp\/v2\/media\/2604"}],"wp:attachment":[{"href":"https:\/\/tvc16.com\/portal\/wp-json\/wp\/v2\/media?parent=2603"}],"wp:term":[{"taxonomy":"category","embeddable":true,"href":"https:\/\/tvc16.com\/portal\/wp-json\/wp\/v2\/categories?post=2603"},{"taxonomy":"post_tag","embeddable":true,"href":"https:\/\/tvc16.com\/portal\/wp-json\/wp\/v2\/tags?post=2603"}],"curies":[{"name":"wp","href":"https:\/\/api.w.org\/{rel}","templated":true}]}}