{"id":2606,"date":"2020-10-13T01:49:49","date_gmt":"2020-10-13T01:49:49","guid":{"rendered":"https:\/\/tvc16.com\/portal\/?p=2606"},"modified":"2020-10-13T01:49:49","modified_gmt":"2020-10-13T01:49:49","slug":"cnc-reduz-projecao-de-queda-no-varejo-ampliado-para-42-e-preve-alta-no-conceito-restrito","status":"publish","type":"post","link":"https:\/\/tvc16.com\/portal\/2020\/10\/13\/cnc-reduz-projecao-de-queda-no-varejo-ampliado-para-42-e-preve-alta-no-conceito-restrito\/","title":{"rendered":"CNC reduz proje\u00e7\u00e3o de queda no varejo ampliado para 4,2% e prev\u00ea alta no conceito restrito"},"content":{"rendered":"\n<p>A previs\u00e3o de retra\u00e7\u00e3o no volume das vendas no varejo ampliado caiu de 5,7% para 4,2% em 2020. J\u00e1 o varejo restrito, que exclui os ramos automotivo e de materiais de constru\u00e7\u00e3o, registrou alta de 2,1% na proje\u00e7\u00e3o.&nbsp;<\/p>\n\n\n\n<p>Entre os ramos de atividade, tiveram destaque as lojas de vestu\u00e1rio, cal\u00e7ados e acess\u00f3rios (+30,5%) e artigos de uso pessoal e dom\u00e9stico (+10,4%). Entretanto, mesmo diante destas altas, o segmento de vestu\u00e1rio ainda apresenta volume mensal de vendas 8,8% abaixo do per\u00edodo pr\u00e9-pandemia. Livrarias e papelarias (-41,5%), com\u00e9rcio automotivo (-12,7%) e combust\u00edveis e lubrificantes (-9,0%) tamb\u00e9m ainda n\u00e3o se recuperaram.&nbsp;<\/p>\n\n\n\n<p>As estimativas s\u00e3o da Confedera\u00e7\u00e3o Nacional do Com\u00e9rcio de Bens Servi\u00e7os e Turismo (CNC) e t\u00eam como base os novos dados positivos da Pesquisa Mensal de Com\u00e9rcio (<a href=\"https:\/\/pmc.ibge.gov.br\/\">PMC<\/a>) de agosto, realizada pelo Instituto Brasileiro de Geografia e Estat\u00edstica (IBGE).<\/p>\n\n\n\n<p>A pesquisa tamb\u00e9m chamou aten\u00e7\u00e3o para o bom desempenho de segmentos considerados n\u00e3o essenciais, apresentando uma mudan\u00e7a de h\u00e1bitos de consumo da popula\u00e7\u00e3o durante a pandemia. Tiveram destaque artigos de uso pessoal e dom\u00e9stico (+13,4%), materiais de constru\u00e7\u00e3o (+20,1%) e lojas de m\u00f3veis e eletrodom\u00e9sticos (+25,3%)<\/p>\n\n\n\n<p>Por outro lado, apesar de apresentarem avan\u00e7o em compara\u00e7\u00e3o com o per\u00edodo pr\u00e9-pandemia, os hiper e supermercados registraram queda mensal -2,2% em agosto. Segundo economista da CNC, Fabio Bentes, o desempenho \u00e9 justificado em raz\u00e3o da alta recente do pre\u00e7o dos alimentos.<\/p>\n\n\n\n<p>Fonte: <a href=\"https:\/\/brasil61.com\/noticias\/cnc-reduz-projecao-de-queda-no-varejo-ampliado-para-4-2-e-preve-alta-no-conceito-restrito-bras202175\" target=\"_blank\" rel=\"noreferrer noopener\">Brasil 61<\/a><\/p>\n","protected":false},"excerpt":{"rendered":"<p>A previs\u00e3o de retra\u00e7\u00e3o no volume das vendas no varejo ampliado caiu de 5,7% para<\/p>\n","protected":false},"author":2,"featured_media":2607,"comment_status":"open","ping_status":"open","sticky":false,"template":"","format":"standard","meta":{"footnotes":""},"categories":[18],"tags":[],"class_list":["post-2606","post","type-post","status-publish","format-standard","has-post-thumbnail","hentry","category-economia"],"_links":{"self":[{"href":"https:\/\/tvc16.com\/portal\/wp-json\/wp\/v2\/posts\/2606","targetHints":{"allow":["GET"]}}],"collection":[{"href":"https:\/\/tvc16.com\/portal\/wp-json\/wp\/v2\/posts"}],"about":[{"href":"https:\/\/tvc16.com\/portal\/wp-json\/wp\/v2\/types\/post"}],"author":[{"embeddable":true,"href":"https:\/\/tvc16.com\/portal\/wp-json\/wp\/v2\/users\/2"}],"replies":[{"embeddable":true,"href":"https:\/\/tvc16.com\/portal\/wp-json\/wp\/v2\/comments?post=2606"}],"version-history":[{"count":1,"href":"https:\/\/tvc16.com\/portal\/wp-json\/wp\/v2\/posts\/2606\/revisions"}],"predecessor-version":[{"id":2608,"href":"https:\/\/tvc16.com\/portal\/wp-json\/wp\/v2\/posts\/2606\/revisions\/2608"}],"wp:featuredmedia":[{"embeddable":true,"href":"https:\/\/tvc16.com\/portal\/wp-json\/wp\/v2\/media\/2607"}],"wp:attachment":[{"href":"https:\/\/tvc16.com\/portal\/wp-json\/wp\/v2\/media?parent=2606"}],"wp:term":[{"taxonomy":"category","embeddable":true,"href":"https:\/\/tvc16.com\/portal\/wp-json\/wp\/v2\/categories?post=2606"},{"taxonomy":"post_tag","embeddable":true,"href":"https:\/\/tvc16.com\/portal\/wp-json\/wp\/v2\/tags?post=2606"}],"curies":[{"name":"wp","href":"https:\/\/api.w.org\/{rel}","templated":true}]}}