{"id":2620,"date":"2020-10-13T20:28:58","date_gmt":"2020-10-13T20:28:58","guid":{"rendered":"https:\/\/tvc16.com\/portal\/?p=2620"},"modified":"2020-10-13T20:28:58","modified_gmt":"2020-10-13T20:28:58","slug":"dia-do-comerciario-em-petropolis-e-comemorado-na-terceira-segunda-feira-do-mes-de-outubro","status":"publish","type":"post","link":"https:\/\/tvc16.com\/portal\/2020\/10\/13\/dia-do-comerciario-em-petropolis-e-comemorado-na-terceira-segunda-feira-do-mes-de-outubro\/","title":{"rendered":"Dia do comerci\u00e1rio em Petr\u00f3polis \u00e9 comemorado na terceira segunda-feira do m\u00eas de outubro"},"content":{"rendered":"\n<p><strong> <\/strong><\/p>\n\n\n\n<p><\/p>\n\n\n\n<p>A Conven\u00e7\u00e3o Coletiva do com\u00e9rcio estipulou que todo ano, na terceira segunda-feira do m\u00eas de outubro ser\u00e1 celebrado o Dia do Comerci\u00e1rio em Petr\u00f3polis\/RJ. Em 2020 a data ser\u00e1 19 de outubro e todo o com\u00e9rcio, exceto farm\u00e1cias, por ser considerado servi\u00e7o essencial, n\u00e3o abrir\u00e1 as portas. Supermercados e lojas de departamento est\u00e3o na lista dos estabelecimentos que ficar\u00e3o fechados.<\/p>\n\n\n\n<p>\u201cA data comemorativa garante uma folga merecida aos comerci\u00e1rios que durante todo o ano colaboram para o desenvolvimento da economia da cidade. Somos uma categoria importante para a engrenagem municipal e todos merecem reconhecimento por isso\u201d, afirma Marcelo Fiorini, presidente do Sicom\u00e9rcio.<\/p>\n\n\n\n<p>O Sindicato do Com\u00e9rcio Varejista de Petr\u00f3polis (Sicom\u00e9rcio) e o Sindicato dos Empregados no Com\u00e9rcio de Petr\u00f3polis (SECP) tem um acordo que permite a abertura dos estabelecimentos nos feriados, mas existem quatro exce\u00e7\u00f5es: Dia do Trabalho, Dia do Comerci\u00e1rio, Natal e Ano Novo.<\/p>\n","protected":false},"excerpt":{"rendered":"<p>A Conven\u00e7\u00e3o Coletiva do com\u00e9rcio estipulou que todo ano, na terceira segunda-feira do m\u00eas de<\/p>\n","protected":false},"author":2,"featured_media":2622,"comment_status":"open","ping_status":"open","sticky":false,"template":"","format":"standard","meta":{"footnotes":""},"categories":[12],"tags":[],"class_list":["post-2620","post","type-post","status-publish","format-standard","has-post-thumbnail","hentry","category-cidade"],"_links":{"self":[{"href":"https:\/\/tvc16.com\/portal\/wp-json\/wp\/v2\/posts\/2620","targetHints":{"allow":["GET"]}}],"collection":[{"href":"https:\/\/tvc16.com\/portal\/wp-json\/wp\/v2\/posts"}],"about":[{"href":"https:\/\/tvc16.com\/portal\/wp-json\/wp\/v2\/types\/post"}],"author":[{"embeddable":true,"href":"https:\/\/tvc16.com\/portal\/wp-json\/wp\/v2\/users\/2"}],"replies":[{"embeddable":true,"href":"https:\/\/tvc16.com\/portal\/wp-json\/wp\/v2\/comments?post=2620"}],"version-history":[{"count":1,"href":"https:\/\/tvc16.com\/portal\/wp-json\/wp\/v2\/posts\/2620\/revisions"}],"predecessor-version":[{"id":2623,"href":"https:\/\/tvc16.com\/portal\/wp-json\/wp\/v2\/posts\/2620\/revisions\/2623"}],"wp:featuredmedia":[{"embeddable":true,"href":"https:\/\/tvc16.com\/portal\/wp-json\/wp\/v2\/media\/2622"}],"wp:attachment":[{"href":"https:\/\/tvc16.com\/portal\/wp-json\/wp\/v2\/media?parent=2620"}],"wp:term":[{"taxonomy":"category","embeddable":true,"href":"https:\/\/tvc16.com\/portal\/wp-json\/wp\/v2\/categories?post=2620"},{"taxonomy":"post_tag","embeddable":true,"href":"https:\/\/tvc16.com\/portal\/wp-json\/wp\/v2\/tags?post=2620"}],"curies":[{"name":"wp","href":"https:\/\/api.w.org\/{rel}","templated":true}]}}