{"id":2625,"date":"2020-10-13T20:33:29","date_gmt":"2020-10-13T20:33:29","guid":{"rendered":"https:\/\/tvc16.com\/portal\/?p=2625"},"modified":"2020-10-13T20:33:29","modified_gmt":"2020-10-13T20:33:29","slug":"sarampo-vacinacao-de-pessoas-entre-20-e-49-anos-segue-ate-dia-30-de-outubro","status":"publish","type":"post","link":"https:\/\/tvc16.com\/portal\/2020\/10\/13\/sarampo-vacinacao-de-pessoas-entre-20-e-49-anos-segue-ate-dia-30-de-outubro\/","title":{"rendered":"Sarampo: Vacina\u00e7\u00e3o de pessoas entre 20 e 49 anos segue at\u00e9 dia 30 de outubro"},"content":{"rendered":"\n<p>Jovens e adultos com idade entre 20 e 49 anos t\u00eam at\u00e9 o dia 30 de outubro para se vacinar contra o sarampo. Basta procurar um dos mais de 40 mil postos de sa\u00fade espalhados em todo o Brasil. A iniciativa faz parte do Plano de A\u00e7\u00e3o para Interrup\u00e7\u00e3o da Circula\u00e7\u00e3o do V\u00edrus do Sarampo neste ano, j\u00e1 que, at\u00e9 setembro, mais de 15,7 mil casos suspeitos da doen\u00e7a foram notificados no Pa\u00eds. &nbsp;<\/p>\n\n\n\n<p>O Minist\u00e9rio da Sa\u00fade disponibilizou 36 milh\u00f5es de doses para refor\u00e7ar a mobiliza\u00e7\u00e3o. De mar\u00e7o para c\u00e1, j\u00e1 foram vacinadas nove milh\u00f5es de pessoas. A meta \u00e9 alcan\u00e7ar o p\u00fablico-alvo de cerca de 90 milh\u00f5es de jovens e adultos nessa faixa et\u00e1ria.&nbsp;<\/p>\n\n\n\n<p>Mesmo com a pandemia, o minist\u00e9rio garante que os postos foram orientados a tomarem todas as medidas de seguran\u00e7a necess\u00e1rias para a vacina\u00e7\u00e3o, como evitar aglomera\u00e7\u00f5es e cuidados com a higiene.&nbsp;<\/p>\n\n\n\n<p><strong><a href=\"https:\/\/brasil61.com\/noticias\/candidatos-ligados-a-area-da-saude-tem-maior-representatividade-nas-eleicoes-2020-bras202180\" target=\"_blank\" rel=\"noreferrer noopener\">Candidatos ligados \u00e0 \u00e1rea da sa\u00fade t\u00eam maior representatividade nas Elei\u00e7\u00f5es 2020<\/a><\/strong><\/p>\n\n\n\n<p><strong><a href=\"https:\/\/brasil61.com\/noticias\/atencao-primaria-a-saude-vai-ser-reforcada-por-todo-o-pais-pelos-proximos-tres-anos-bras201589\" target=\"_blank\" rel=\"noreferrer noopener\">Aten\u00e7\u00e3o Prim\u00e1ria \u00e0 Sa\u00fade vai ser refor\u00e7ada por todo o pa\u00eds pelos pr\u00f3ximos tr\u00eas anos<\/a><\/strong><\/p>\n\n\n\n<p>Neste ano, sete pessoas j\u00e1 morreram por causa do sarampo, incluindo uma pessoa da faixa et\u00e1ria alvo da campanha. O sarampo \u00e9 uma doen\u00e7a grave e com alto risco de cont\u00e1gio e dissemina\u00e7\u00e3o. De acordo com o Minist\u00e9rio da Sa\u00fade, uma pessoa pode transmitir para at\u00e9 18 pessoas. A transmiss\u00e3o ocorre pelo ar, ao tossir, espirrar, falar ou respirar.&nbsp;<\/p>\n\n\n\n<p>A vacina\u00e7\u00e3o contra o sarampo est\u00e1 contraindicada para crian\u00e7as menores de seis meses de idade, gestantes e pessoas com sinais e sintomas de sarampo.<\/p>\n\n\n\n<p>Mais informa\u00e7\u00f5es no site do minist\u00e9rio, em <a href=\"https:\/\/www.saude.gov.br\/saude-de-a-z\/coronavirus\" target=\"_blank\" rel=\"noreferrer noopener\">saude.gov.br<\/a>.&nbsp;<\/p>\n\n\n\n<p>Fonte: <a href=\"https:\/\/brasil61.com\/noticias\/sarampo-vacinacao-de-pessoas-entre-20-e-49-anos-segue-ate-dia-30-de-outubro-bras202193?email=bethdeoliveira@yahoo.com.br&amp;utm_source=newsletter&amp;utm_medium=newsletter&amp;utm_campaign=newsletter\" target=\"_blank\" rel=\"noreferrer noopener\">Brasil 61<\/a><\/p>\n","protected":false},"excerpt":{"rendered":"<p>Jovens e adultos com idade entre 20 e 49 anos t\u00eam at\u00e9 o dia 30<\/p>\n","protected":false},"author":2,"featured_media":2626,"comment_status":"open","ping_status":"open","sticky":false,"template":"","format":"standard","meta":{"footnotes":""},"categories":[13],"tags":[],"class_list":["post-2625","post","type-post","status-publish","format-standard","has-post-thumbnail","hentry","category-saude"],"_links":{"self":[{"href":"https:\/\/tvc16.com\/portal\/wp-json\/wp\/v2\/posts\/2625","targetHints":{"allow":["GET"]}}],"collection":[{"href":"https:\/\/tvc16.com\/portal\/wp-json\/wp\/v2\/posts"}],"about":[{"href":"https:\/\/tvc16.com\/portal\/wp-json\/wp\/v2\/types\/post"}],"author":[{"embeddable":true,"href":"https:\/\/tvc16.com\/portal\/wp-json\/wp\/v2\/users\/2"}],"replies":[{"embeddable":true,"href":"https:\/\/tvc16.com\/portal\/wp-json\/wp\/v2\/comments?post=2625"}],"version-history":[{"count":1,"href":"https:\/\/tvc16.com\/portal\/wp-json\/wp\/v2\/posts\/2625\/revisions"}],"predecessor-version":[{"id":2627,"href":"https:\/\/tvc16.com\/portal\/wp-json\/wp\/v2\/posts\/2625\/revisions\/2627"}],"wp:featuredmedia":[{"embeddable":true,"href":"https:\/\/tvc16.com\/portal\/wp-json\/wp\/v2\/media\/2626"}],"wp:attachment":[{"href":"https:\/\/tvc16.com\/portal\/wp-json\/wp\/v2\/media?parent=2625"}],"wp:term":[{"taxonomy":"category","embeddable":true,"href":"https:\/\/tvc16.com\/portal\/wp-json\/wp\/v2\/categories?post=2625"},{"taxonomy":"post_tag","embeddable":true,"href":"https:\/\/tvc16.com\/portal\/wp-json\/wp\/v2\/tags?post=2625"}],"curies":[{"name":"wp","href":"https:\/\/api.w.org\/{rel}","templated":true}]}}