{"id":2629,"date":"2020-10-13T20:43:00","date_gmt":"2020-10-13T20:43:00","guid":{"rendered":"https:\/\/tvc16.com\/portal\/?p=2629"},"modified":"2020-10-13T20:43:00","modified_gmt":"2020-10-13T20:43:00","slug":"nova-iguacu-entrega-cartoes-alimentacao-para-estudantes-da-rede-municipal","status":"publish","type":"post","link":"https:\/\/tvc16.com\/portal\/2020\/10\/13\/nova-iguacu-entrega-cartoes-alimentacao-para-estudantes-da-rede-municipal\/","title":{"rendered":"Nova Igua\u00e7u entrega  cart\u00f5es-alimenta\u00e7\u00e3o para estudantes da rede municipal"},"content":{"rendered":"\n<h2 class=\"wp-block-heading\"><\/h2>\n\n\n\n<p>A Prefeitura de Nova Igua\u00e7u vai adiantar para esta pr\u00f3xima quinta-feira (15) o in\u00edcio da quinta etapa da entrega de alimentos para os cerca de 65 mil estudantes da rede municipal. Desta vez, os cart\u00f5es-alimenta\u00e7\u00e3o distribu\u00eddos aos alunos, referente ao m\u00eas de outubro, ser\u00e3o recarregados assim como j\u00e1 ocorreu no m\u00eas passado. Desta forma, os respons\u00e1veis n\u00e3o precisar\u00e3o ir at\u00e9 as escolas para buscar novos cart\u00f5es, como aconteceu em agosto. A recarga ser\u00e1 feita automaticamente, com valor de R$ 110 por matriculado.<\/p>\n\n\n\n<p>O benef\u00edcio s\u00f3 pode ser utilizado com despesas aliment\u00edcias na rede credenciada. Assim, as fam\u00edlias poder\u00e3o adquirir produtos da cesta b\u00e1sica que necessitam.<\/p>\n\n\n\n<p>A distribui\u00e7\u00e3o est\u00e1 sendo feita para auxiliar as fam\u00edlias, j\u00e1 que os alunos est\u00e3o com as aulas suspensas desde o dia 16 de mar\u00e7o devido \u00e0 pandemia da Covid-19.<\/p>\n\n\n\n<p>Em caso de qualquer eventual problema com os cart\u00f5es, os respons\u00e1veis devem entrar em contato diretamente com as escolas, que estar\u00e3o abertas nos dias 19 e 20 de outubro, de 8 \u00e0s 12h.\u00a0<a rel=\"noreferrer noopener\" target=\"_blank\" href=\"http:\/\/www.novaiguacu.rj.gov.br\/semed\/unidades-escolares\/\">Clique aqui<\/a>\u00a0para acessar os contatos das escolas.<\/p>\n\n\n\n<figure class=\"wp-block-image size-large\"><img loading=\"lazy\" decoding=\"async\" width=\"962\" height=\"637\" src=\"https:\/\/tvc16.com\/portal\/wp-content\/uploads\/2020\/10\/cartoes-alimentacao.jpg\" alt=\"\" class=\"wp-image-2630\" srcset=\"https:\/\/tvc16.com\/portal\/wp-content\/uploads\/2020\/10\/cartoes-alimentacao.jpg 962w, https:\/\/tvc16.com\/portal\/wp-content\/uploads\/2020\/10\/cartoes-alimentacao-300x199.jpg 300w, https:\/\/tvc16.com\/portal\/wp-content\/uploads\/2020\/10\/cartoes-alimentacao-768x509.jpg 768w\" sizes=\"auto, (max-width: 962px) 100vw, 962px\" \/><\/figure>\n","protected":false},"excerpt":{"rendered":"<p>A Prefeitura de Nova Igua\u00e7u vai adiantar para esta pr\u00f3xima quinta-feira (15) o in\u00edcio da<\/p>\n","protected":false},"author":2,"featured_media":2631,"comment_status":"open","ping_status":"open","sticky":false,"template":"","format":"standard","meta":{"footnotes":""},"categories":[19],"tags":[],"class_list":["post-2629","post","type-post","status-publish","format-standard","has-post-thumbnail","hentry","category-educacao"],"_links":{"self":[{"href":"https:\/\/tvc16.com\/portal\/wp-json\/wp\/v2\/posts\/2629","targetHints":{"allow":["GET"]}}],"collection":[{"href":"https:\/\/tvc16.com\/portal\/wp-json\/wp\/v2\/posts"}],"about":[{"href":"https:\/\/tvc16.com\/portal\/wp-json\/wp\/v2\/types\/post"}],"author":[{"embeddable":true,"href":"https:\/\/tvc16.com\/portal\/wp-json\/wp\/v2\/users\/2"}],"replies":[{"embeddable":true,"href":"https:\/\/tvc16.com\/portal\/wp-json\/wp\/v2\/comments?post=2629"}],"version-history":[{"count":1,"href":"https:\/\/tvc16.com\/portal\/wp-json\/wp\/v2\/posts\/2629\/revisions"}],"predecessor-version":[{"id":2632,"href":"https:\/\/tvc16.com\/portal\/wp-json\/wp\/v2\/posts\/2629\/revisions\/2632"}],"wp:featuredmedia":[{"embeddable":true,"href":"https:\/\/tvc16.com\/portal\/wp-json\/wp\/v2\/media\/2631"}],"wp:attachment":[{"href":"https:\/\/tvc16.com\/portal\/wp-json\/wp\/v2\/media?parent=2629"}],"wp:term":[{"taxonomy":"category","embeddable":true,"href":"https:\/\/tvc16.com\/portal\/wp-json\/wp\/v2\/categories?post=2629"},{"taxonomy":"post_tag","embeddable":true,"href":"https:\/\/tvc16.com\/portal\/wp-json\/wp\/v2\/tags?post=2629"}],"curies":[{"name":"wp","href":"https:\/\/api.w.org\/{rel}","templated":true}]}}