{"id":2633,"date":"2020-10-13T20:49:17","date_gmt":"2020-10-13T20:49:17","guid":{"rendered":"https:\/\/tvc16.com\/portal\/?p=2633"},"modified":"2020-10-13T20:49:17","modified_gmt":"2020-10-13T20:49:17","slug":"programa-estadual-de-integracao-na-seguranca-tem-inicio-em-nova-iguacu","status":"publish","type":"post","link":"https:\/\/tvc16.com\/portal\/2020\/10\/13\/programa-estadual-de-integracao-na-seguranca-tem-inicio-em-nova-iguacu\/","title":{"rendered":"Programa Estadual de Integra\u00e7\u00e3o na Seguran\u00e7a t\u00eam in\u00edcio em Nova Igua\u00e7u"},"content":{"rendered":"\n<p><\/p>\n\n\n\n<p>Melhorar o policiamento e reduzir os indicadores de criminalidades no munic\u00edpio \u00e9 o principal objetivo do Programa Estadual de Integra\u00e7\u00e3o na Seguran\u00e7a (PROEIS), que come\u00e7a em Nova Igua\u00e7u a partir do dia 15 de outubro. O programa, conv\u00eanio entre a Prefeitura e Pol\u00edcia Militar do Estado do Rio de Janeiro, vai contratar policiais militares em seus dias de folga para aumentar a prote\u00e7\u00e3o em \u00e1reas previamente estudadas. Ser\u00e3o 100 policiais atuando na cidade todos os dias, sendo 50 no turno de 4h \u00e0s 12h e outros 50 entre 17h \u00e0s 1h. O contrato \u00e9 de um ano, podendo ser renovado.<\/p>\n\n\n\n<p>A Prefeitura ir\u00e1 pagar o Regime Adicional de Servi\u00e7o (RAS) do policial militar e investir em infraestrutura, fornecendo 25 viaturas novas, al\u00e9m de instalar um cont\u00eainer no estacionamento da sede municipal.<\/p>\n\n\n\n<p>Com a chegada do PROEIS, que se junta ao Programa Opera\u00e7\u00e3o Seguran\u00e7a Presente e ao policiamento do 20\u00b0 BPM (Mesquita), a cidade ter\u00e1 um cintur\u00e3o de seguran\u00e7a. Em duplas, os policiais v\u00e3o atuar em pontos estrat\u00e9gicos, com maior incid\u00eancia de crimes. O refor\u00e7o ser\u00e1 feito em 24 localidades do munic\u00edpio, como bairro da Prata, Engenho Pequeno, Esplanada, Santa Rita, Cer\u00e2mica, Palhada, Centro, Miguel Couto, Posse, Tr\u00eas Cora\u00e7\u00f5es, Vila de Cava, Comendador Soares, Caioaba, entre outros.<\/p>\n\n\n\n<p><strong>Foto: Diego Valdevino \/ PMNI<\/strong><\/p>\n","protected":false},"excerpt":{"rendered":"<p>Melhorar o policiamento e reduzir os indicadores de criminalidades no munic\u00edpio \u00e9 o principal objetivo<\/p>\n","protected":false},"author":2,"featured_media":2634,"comment_status":"open","ping_status":"open","sticky":false,"template":"","format":"standard","meta":{"footnotes":""},"categories":[1],"tags":[],"class_list":["post-2633","post","type-post","status-publish","format-standard","has-post-thumbnail","hentry","category-uncategorized"],"_links":{"self":[{"href":"https:\/\/tvc16.com\/portal\/wp-json\/wp\/v2\/posts\/2633","targetHints":{"allow":["GET"]}}],"collection":[{"href":"https:\/\/tvc16.com\/portal\/wp-json\/wp\/v2\/posts"}],"about":[{"href":"https:\/\/tvc16.com\/portal\/wp-json\/wp\/v2\/types\/post"}],"author":[{"embeddable":true,"href":"https:\/\/tvc16.com\/portal\/wp-json\/wp\/v2\/users\/2"}],"replies":[{"embeddable":true,"href":"https:\/\/tvc16.com\/portal\/wp-json\/wp\/v2\/comments?post=2633"}],"version-history":[{"count":1,"href":"https:\/\/tvc16.com\/portal\/wp-json\/wp\/v2\/posts\/2633\/revisions"}],"predecessor-version":[{"id":2635,"href":"https:\/\/tvc16.com\/portal\/wp-json\/wp\/v2\/posts\/2633\/revisions\/2635"}],"wp:featuredmedia":[{"embeddable":true,"href":"https:\/\/tvc16.com\/portal\/wp-json\/wp\/v2\/media\/2634"}],"wp:attachment":[{"href":"https:\/\/tvc16.com\/portal\/wp-json\/wp\/v2\/media?parent=2633"}],"wp:term":[{"taxonomy":"category","embeddable":true,"href":"https:\/\/tvc16.com\/portal\/wp-json\/wp\/v2\/categories?post=2633"},{"taxonomy":"post_tag","embeddable":true,"href":"https:\/\/tvc16.com\/portal\/wp-json\/wp\/v2\/tags?post=2633"}],"curies":[{"name":"wp","href":"https:\/\/api.w.org\/{rel}","templated":true}]}}