{"id":2639,"date":"2020-10-13T20:57:02","date_gmt":"2020-10-13T20:57:02","guid":{"rendered":"https:\/\/tvc16.com\/portal\/?p=2639"},"modified":"2020-10-13T20:57:02","modified_gmt":"2020-10-13T20:57:02","slug":"dia-nacional-do-fisioterapeuta-profissional-indispensavel-na-luta-contra-o-coronavirus","status":"publish","type":"post","link":"https:\/\/tvc16.com\/portal\/2020\/10\/13\/dia-nacional-do-fisioterapeuta-profissional-indispensavel-na-luta-contra-o-coronavirus\/","title":{"rendered":"Dia Nacional do Fisioterapeuta, profissional indispens\u00e1vel na luta contra o coronav\u00edrus"},"content":{"rendered":"\n<p><strong>Fisioterapeuta tem papel fundamental na recupera\u00e7\u00e3o da Covid-19<\/strong><\/p>\n\n\n\n<p><\/p>\n\n\n\n<p>O Dia Nacional do Fisioterapeuta \u00e9 comemorado em 13 de outubro e, neste ano, a data tem um significado mais especial. Isso porque a pandemia do novo coronav\u00edrus colocou em foco a import\u00e2ncia deste profissional para a sa\u00fade p\u00fablica, j\u00e1 que a fisioterapia se mostrou fundamental tanto no in\u00edcio do tratamento quanto na recupera\u00e7\u00e3o da Covid-19, contribuindo para a reabilita\u00e7\u00e3o dos pacientes.<\/p>\n\n\n\n<p>Segundo a fisioterapeuta e professora do curso de Fisioterapia da Est\u00e1cio, Indianara Ara\u00fajo, o coronav\u00edrus causa um processo inflamat\u00f3rio importante nos pulm\u00f5es, afetando diretamente a troca gasosa e, por isso, os pacientes podem entrar em fal\u00eancia respirat\u00f3ria muito rapidamente. \u201cO trabalho do fisioterapeuta \u00e9 avaliar o sistema respirat\u00f3rio dos infectados para verificar a troca gasosa e os sinais de desconforto respirat\u00f3rio, verificando a necessidade de oxigenoterapia, suporte ventilat\u00f3rio n\u00e3o invasivo ou invasivo\u201d, explica.<\/p>\n\n\n\n<p>Nos casos mais graves, quando o suporte respirat\u00f3rio mec\u00e2nico \u00e9 necess\u00e1rio e, com ele, a seda\u00e7\u00e3o do paciente, a atua\u00e7\u00e3o do profissional de Fisioterapia continua sendo indispens\u00e1vel. \u201cDentro da UTI, cabe ao fisioterapeuta intensivista avaliar e adequar os par\u00e2metros respirat\u00f3rios, ajustando a frequ\u00eancia respirat\u00f3ria, o volume corrente, a press\u00e3o que mant\u00e9m os pulm\u00f5es em boas condi\u00e7\u00f5es, entre outros, para que o paciente consiga se recuperar o mais r\u00e1pido poss\u00edvel, sem danos maiores aos pulm\u00f5es\u201d, completa Indianara.&nbsp;<\/p>\n\n\n\n<p>A fisioterapia tamb\u00e9m tem papel muito importante na fase de transi\u00e7\u00e3o do tratamento, quando o paciente deixa de necessitar de aux\u00edlio mec\u00e2nico para a respira\u00e7\u00e3o e precisa retomar a sua autonomia respirat\u00f3ria e funcional. \u201cQuem passa muito tempo na ventila\u00e7\u00e3o pode apresentar, ainda, quadro de fraqueza muscular generalizada, pois passou muito tempo com o corpo im\u00f3vel e recebendo medica\u00e7\u00f5es a base de corticoide. Isso causa perda da massa muscular e da funcionalidade do corpo, com restri\u00e7\u00f5es importantes na mobilidade. Por isso, mesmo ap\u00f3s a alta, \u00e9 necess\u00e1rio que o acompanhamento fisioterap\u00eautico seja mantido\u201d, conta.De acordo com a fisioterapeuta, at\u00e9 atividades b\u00e1sicas como caminhar, se alimentar sozinho e tomar banho ficam comprometidas ap\u00f3s a alta. \u201cMuitos pacientes, inclusive, podiam j\u00e1 apresentar um quadro de fraqueza muscular pr\u00e9vio por causa da idade, sedentarismo, m\u00e1 alimenta\u00e7\u00e3o, e a Covid pode potencializar esse comprometimento muscular. Ent\u00e3o, ficar\u00e1 ainda mais limitado caso n\u00e3o fa\u00e7a o acompanhamento adequado depois de curado. O trabalho do fisioterapeuta \u00e9 atuar com um programa de reabilita\u00e7\u00e3o espec\u00edfico para cada paciente, para que ele volte ao seu dia a dia normal o mais r\u00e1pido poss\u00edvel\u201d, finaliza.<\/p>\n\n\n\n<figure class=\"wp-block-image size-large\"><img loading=\"lazy\" decoding=\"async\" width=\"474\" height=\"189\" src=\"https:\/\/tvc16.com\/portal\/wp-content\/uploads\/2020\/10\/fisio.jpg\" alt=\"\" class=\"wp-image-2640\" srcset=\"https:\/\/tvc16.com\/portal\/wp-content\/uploads\/2020\/10\/fisio.jpg 474w, https:\/\/tvc16.com\/portal\/wp-content\/uploads\/2020\/10\/fisio-300x120.jpg 300w\" sizes=\"auto, (max-width: 474px) 100vw, 474px\" \/><\/figure>\n","protected":false},"excerpt":{"rendered":"<p>Fisioterapeuta tem papel fundamental na recupera\u00e7\u00e3o da Covid-19 O Dia Nacional do Fisioterapeuta \u00e9 comemorado<\/p>\n","protected":false},"author":2,"featured_media":2641,"comment_status":"open","ping_status":"open","sticky":false,"template":"","format":"standard","meta":{"footnotes":""},"categories":[13],"tags":[],"class_list":["post-2639","post","type-post","status-publish","format-standard","has-post-thumbnail","hentry","category-saude"],"_links":{"self":[{"href":"https:\/\/tvc16.com\/portal\/wp-json\/wp\/v2\/posts\/2639","targetHints":{"allow":["GET"]}}],"collection":[{"href":"https:\/\/tvc16.com\/portal\/wp-json\/wp\/v2\/posts"}],"about":[{"href":"https:\/\/tvc16.com\/portal\/wp-json\/wp\/v2\/types\/post"}],"author":[{"embeddable":true,"href":"https:\/\/tvc16.com\/portal\/wp-json\/wp\/v2\/users\/2"}],"replies":[{"embeddable":true,"href":"https:\/\/tvc16.com\/portal\/wp-json\/wp\/v2\/comments?post=2639"}],"version-history":[{"count":1,"href":"https:\/\/tvc16.com\/portal\/wp-json\/wp\/v2\/posts\/2639\/revisions"}],"predecessor-version":[{"id":2642,"href":"https:\/\/tvc16.com\/portal\/wp-json\/wp\/v2\/posts\/2639\/revisions\/2642"}],"wp:featuredmedia":[{"embeddable":true,"href":"https:\/\/tvc16.com\/portal\/wp-json\/wp\/v2\/media\/2641"}],"wp:attachment":[{"href":"https:\/\/tvc16.com\/portal\/wp-json\/wp\/v2\/media?parent=2639"}],"wp:term":[{"taxonomy":"category","embeddable":true,"href":"https:\/\/tvc16.com\/portal\/wp-json\/wp\/v2\/categories?post=2639"},{"taxonomy":"post_tag","embeddable":true,"href":"https:\/\/tvc16.com\/portal\/wp-json\/wp\/v2\/tags?post=2639"}],"curies":[{"name":"wp","href":"https:\/\/api.w.org\/{rel}","templated":true}]}}