{"id":2646,"date":"2020-10-13T21:06:13","date_gmt":"2020-10-13T21:06:13","guid":{"rendered":"https:\/\/tvc16.com\/portal\/?p=2646"},"modified":"2020-10-13T21:06:13","modified_gmt":"2020-10-13T21:06:13","slug":"tse-suspende-inelegibilidade-de-marcelo-crivella-em-carater-liminar","status":"publish","type":"post","link":"https:\/\/tvc16.com\/portal\/2020\/10\/13\/tse-suspende-inelegibilidade-de-marcelo-crivella-em-carater-liminar\/","title":{"rendered":"TSE suspende inelegibilidade de Marcelo Crivella em car\u00e1ter liminar"},"content":{"rendered":"\n<h2 class=\"wp-block-heading\"><\/h2>\n\n\n\n<h3 class=\"wp-block-heading\">Caso ainda ser\u00e1 julgado pelo plen\u00e1rio do TSE, em data a ser definida<\/h3>\n\n\n\n<h4 class=\"wp-block-heading\">Publicado em 13\/10\/2020 &#8211; Por Vitor Abdala &#8211; Rep\u00f3rter da Ag\u00eancia Brasil &#8211; Rio de Janeiro<\/h4>\n\n\n\n<p>O ministro do Tribunal Superior Eleitoral (TSE) Mauro Campbell Marques suspendeu na noite de ontem (12), em car\u00e1ter liminar, a inelegibilidade do prefeito do Rio de Janeiro, Marcelo Crivella, que busca a reelei\u00e7\u00e3o. A informa\u00e7\u00e3o foi divulgada pela assessoria de imprensa do tribunal.<img decoding=\"async\" src=\"https:\/\/agenciabrasil.ebc.com.br\/ebc.png?id=1390473&amp;o=node\"><img decoding=\"async\" src=\"https:\/\/agenciabrasil.ebc.com.br\/ebc.gif?id=1390473&amp;o=node\"><\/p>\n\n\n\n<p>Crivella havia sido considerado ineleg\u00edvel por oito anos, em setembro deste ano, em um julgamento do Tribunal Regional Eleitoral do Rio de Janeiro (TRE-RJ). Ele foi condenado por abuso de poder pol\u00edtico, pela participa\u00e7\u00e3o de funcion\u00e1rios da Companhia de Limpeza Urbana (Comlurb) em um encontro de apoio a seu filho, Marcelo Hodges Crivella, que concorria a deputado federal, em 2018, mas n\u00e3o se elegeu.<\/p>\n\n\n\n<p>Em nota, Crivella disse que j\u00e1 foi inocentado no epis\u00f3dio em uma CPI da C\u00e2mara dos Vereadores e disse que n\u00e3o houve abuso de poder pol\u00edtico porque seu filho perdeu a elei\u00e7\u00e3o.<\/p>\n\n\n\n<p>A decis\u00e3o do ministro, no entanto, tem apenas car\u00e1ter liminar, portanto o caso ainda ser\u00e1 julgado pelo plen\u00e1rio do TSE, em data a ser definida.<\/p>\n\n\n\n<p>Edi\u00e7\u00e3o: Maria Claudia<\/p>\n","protected":false},"excerpt":{"rendered":"<p>Caso ainda ser\u00e1 julgado pelo plen\u00e1rio do TSE, em data a ser definida Publicado em<\/p>\n","protected":false},"author":2,"featured_media":2647,"comment_status":"open","ping_status":"open","sticky":false,"template":"","format":"standard","meta":{"footnotes":""},"categories":[15],"tags":[],"class_list":["post-2646","post","type-post","status-publish","format-standard","has-post-thumbnail","hentry","category-politica"],"_links":{"self":[{"href":"https:\/\/tvc16.com\/portal\/wp-json\/wp\/v2\/posts\/2646","targetHints":{"allow":["GET"]}}],"collection":[{"href":"https:\/\/tvc16.com\/portal\/wp-json\/wp\/v2\/posts"}],"about":[{"href":"https:\/\/tvc16.com\/portal\/wp-json\/wp\/v2\/types\/post"}],"author":[{"embeddable":true,"href":"https:\/\/tvc16.com\/portal\/wp-json\/wp\/v2\/users\/2"}],"replies":[{"embeddable":true,"href":"https:\/\/tvc16.com\/portal\/wp-json\/wp\/v2\/comments?post=2646"}],"version-history":[{"count":1,"href":"https:\/\/tvc16.com\/portal\/wp-json\/wp\/v2\/posts\/2646\/revisions"}],"predecessor-version":[{"id":2648,"href":"https:\/\/tvc16.com\/portal\/wp-json\/wp\/v2\/posts\/2646\/revisions\/2648"}],"wp:featuredmedia":[{"embeddable":true,"href":"https:\/\/tvc16.com\/portal\/wp-json\/wp\/v2\/media\/2647"}],"wp:attachment":[{"href":"https:\/\/tvc16.com\/portal\/wp-json\/wp\/v2\/media?parent=2646"}],"wp:term":[{"taxonomy":"category","embeddable":true,"href":"https:\/\/tvc16.com\/portal\/wp-json\/wp\/v2\/categories?post=2646"},{"taxonomy":"post_tag","embeddable":true,"href":"https:\/\/tvc16.com\/portal\/wp-json\/wp\/v2\/tags?post=2646"}],"curies":[{"name":"wp","href":"https:\/\/api.w.org\/{rel}","templated":true}]}}