{"id":2649,"date":"2020-10-13T21:12:34","date_gmt":"2020-10-13T21:12:34","guid":{"rendered":"https:\/\/tvc16.com\/portal\/?p=2649"},"modified":"2020-10-13T21:12:34","modified_gmt":"2020-10-13T21:12:34","slug":"de-olho-na-lideranca-flamengo-abre-maratona-pela-serie-a-contra-goias","status":"publish","type":"post","link":"https:\/\/tvc16.com\/portal\/2020\/10\/13\/de-olho-na-lideranca-flamengo-abre-maratona-pela-serie-a-contra-goias\/","title":{"rendered":"De olho na lideran\u00e7a, Flamengo abre maratona pela S\u00e9rie A contra Goi\u00e1s"},"content":{"rendered":"\n<h2 class=\"wp-block-heading\"><\/h2>\n\n\n\n<h3 class=\"wp-block-heading\">Lanterna, Esmeraldino luta para deixar a zona de rebaixamento<\/h3>\n\n\n\n<h4 class=\"wp-block-heading\">Publicado em 13\/10\/2020 &#8211; Por Lincoln Chaves &#8211; Rep\u00f3rter da TV Brasil e R\u00e1dio Nacional &#8211; Rio de Janeiro<\/h4>\n\n\n\n<p>O Flamengo disputar\u00e1 tr\u00eas jogos pela S\u00e9rie A do Campeonato Brasileiro nos pr\u00f3ximos seis dias. A maratona come\u00e7a hoje (13), \u00e0s 18h (hor\u00e1rio de Bras\u00edlia), contra o Goi\u00e1s, no Maracan\u00e3, em partida adiada da 11\u00aa rodada. O confronto teve de ser postergado devido aos compromissos do Rubro-Negro contra os equatorianos do&nbsp;Independiente del Valle e do Barcelona de Guayaquil, &nbsp;pela&nbsp;quarta&nbsp;e&nbsp;quinta&nbsp;rodadas da fase de grupos da Libertadores.<img decoding=\"async\" src=\"https:\/\/agenciabrasil.ebc.com.br\/ebc.png?id=1390491&amp;o=node\"><img decoding=\"async\" src=\"https:\/\/agenciabrasil.ebc.com.br\/ebc.gif?id=1390491&amp;o=node\"><\/p>\n\n\n\n<p>Com 27 pontos, o Flamengo tem uma oportunidade&nbsp;de encostar no l\u00edder Atl\u00e9tico Mineiro.&nbsp;Em caso de vit\u00f3ria, a equipe carioca pode igualar os 30 pontos do Galo, ainda que fique atr\u00e1s pelo n\u00famero de triunfos,&nbsp;j\u00e1 que os mineiros ganharam 10 vezes. O Rubro-Negro dirigido pelo catal\u00e3o Domen\u00e8c Torrent pode alcan\u00e7ar o nono resultado positivo. O time ocupa a&nbsp;terceira posi\u00e7\u00e3o na tabela&nbsp;e n\u00e3o perde h\u00e1 quatro jogos no Brasileir\u00e3o.&nbsp;<\/p>\n\n\n\n<p>O treinador tem v\u00e1rios problemas para escalar a equipe. O lateral Maur\u00edcio Isla, o zagueiro Rodrigo Caio e o meia Everton Ribeiro est\u00e3o defendendo suas respectivas sele\u00e7\u00f5es nacionais. O lateral Jo\u00e3o Lucas, o meia Giorgian De Arrascaeta e o atacante Gabriel est\u00e3o contundidos. J\u00e1 o meia Diego Ribas est\u00e1 suspenso. No gol, Diego Alves j\u00e1 se recuperou\u00a0\u00a0de uma les\u00e3o no ombro, mas a participa\u00e7\u00e3o dele no jogo desta\u00a0ter\u00e7a-feira (13) ainda n\u00e3o est\u00e1 confirmada.<\/p>\n\n\n\n<figure class=\"wp-block-image size-large\"><img loading=\"lazy\" decoding=\"async\" width=\"680\" height=\"383\" src=\"https:\/\/tvc16.com\/portal\/wp-content\/uploads\/2020\/10\/mengo-02.jpg\" alt=\"\" class=\"wp-image-2650\" srcset=\"https:\/\/tvc16.com\/portal\/wp-content\/uploads\/2020\/10\/mengo-02.jpg 680w, https:\/\/tvc16.com\/portal\/wp-content\/uploads\/2020\/10\/mengo-02-300x169.jpg 300w\" sizes=\"auto, (max-width: 680px) 100vw, 680px\" \/><\/figure>\n\n\n\n<p>Com tantas aus\u00eancias, Dome dever\u00e1 iniciar a maratona rubro-negra com Hugo Souza; Matheuzinho, Gustavo Henrique, Natan e Filipe Luis; William Ar\u00e3o, Thiago Maia e Gerson; Bruno Henrique, Vitinho e Pedro. Alguns&nbsp;dos prov\u00e1veis titulares podem ser poupados, de olho nos jogos&nbsp;contra Red Bull Bragantino, na&nbsp;quinta-feira (15), e Corinthians, no&nbsp;domingo&nbsp;(17).<\/p>\n\n\n\n<p>J\u00e1 o Goi\u00e1s \u00e9 o \u00faltimo colocado da S\u00e9rie A, com nove pontos, mas tem tr\u00eas compromissos a menos que a maioria dos times. Al\u00e9m do jogo contra o Flamengo, o Esmeraldino teve adiadas as partidas contra S\u00e3o Paulo (1\u00aa rodada) e Gr\u00eamio (6\u00aa). Se ganhar, o Verd\u00e3o deixa a lanterna: chegar\u00e1 a\u00a012 pontos, mesmo total do Bragantino, ficando \u00e0\u00a0frente do time paulista pelo n\u00famero de vit\u00f3rias (tr\u00eas a dois).<\/p>\n\n\n\n<figure class=\"wp-block-image size-large\"><img loading=\"lazy\" decoding=\"async\" width=\"680\" height=\"680\" src=\"https:\/\/tvc16.com\/portal\/wp-content\/uploads\/2020\/10\/goias.jpg\" alt=\"\" class=\"wp-image-2652\" srcset=\"https:\/\/tvc16.com\/portal\/wp-content\/uploads\/2020\/10\/goias.jpg 680w, https:\/\/tvc16.com\/portal\/wp-content\/uploads\/2020\/10\/goias-300x300.jpg 300w, https:\/\/tvc16.com\/portal\/wp-content\/uploads\/2020\/10\/goias-150x150.jpg 150w\" sizes=\"auto, (max-width: 680px) 100vw, 680px\" \/><\/figure>\n\n\n\n<p>O t\u00e9cnico Enderson Moreira busca a\u00a0primeira vit\u00f3ria no comando do Goi\u00e1s, ap\u00f3s tr\u00eas derrotas. Ele n\u00e3o contar\u00e1 esta noite com o volante Gilberto, contundido. Tamb\u00e9m est\u00e3o fora por les\u00e3o o volante Sandro e os atacantes Mike e Victor Andrade. Em contrapartida, retornam o lateral Edilson, que cumpriu suspens\u00e3o, e o atacante Douglas Baggio, recuperado do novo coronav\u00edrus (covid-19).<\/p>\n\n\n\n<p>O Esmeraldino deve alinhar com Tadeu; Edilson, David Duarte, F\u00e1bio Sanches e Caju (Jefferson); Breno, Daniel Bessa e Shaylon; Douglas Baggio, Vin\u00edcius e Rafael Moura. Este \u00faltimo, ali\u00e1s, completou 100 jogos pelo time goiano. O centroavante de 37 anos tem 46 gols e 17 assist\u00eancias vestindo a camisa do Verd\u00e3o.<\/p>\n\n\n\n<p>Confira a&nbsp;<a href=\"https:\/\/agenciabrasil.ebc.com.br\/esportes\/tabelas\/brasileiro-serie-a.html\">classifica\u00e7\u00e3o<\/a>&nbsp;da S\u00e9rie A do Campeonato Brasileiro.<\/p>\n\n\n\n<p>Edi\u00e7\u00e3o: Cl\u00e1udia Soares Rodrigues<\/p>\n","protected":false},"excerpt":{"rendered":"<p>Lanterna, Esmeraldino luta para deixar a zona de rebaixamento Publicado em 13\/10\/2020 &#8211; Por Lincoln<\/p>\n","protected":false},"author":2,"featured_media":2651,"comment_status":"open","ping_status":"open","sticky":false,"template":"","format":"standard","meta":{"footnotes":""},"categories":[20],"tags":[],"class_list":["post-2649","post","type-post","status-publish","format-standard","has-post-thumbnail","hentry","category-esporte"],"_links":{"self":[{"href":"https:\/\/tvc16.com\/portal\/wp-json\/wp\/v2\/posts\/2649","targetHints":{"allow":["GET"]}}],"collection":[{"href":"https:\/\/tvc16.com\/portal\/wp-json\/wp\/v2\/posts"}],"about":[{"href":"https:\/\/tvc16.com\/portal\/wp-json\/wp\/v2\/types\/post"}],"author":[{"embeddable":true,"href":"https:\/\/tvc16.com\/portal\/wp-json\/wp\/v2\/users\/2"}],"replies":[{"embeddable":true,"href":"https:\/\/tvc16.com\/portal\/wp-json\/wp\/v2\/comments?post=2649"}],"version-history":[{"count":1,"href":"https:\/\/tvc16.com\/portal\/wp-json\/wp\/v2\/posts\/2649\/revisions"}],"predecessor-version":[{"id":2653,"href":"https:\/\/tvc16.com\/portal\/wp-json\/wp\/v2\/posts\/2649\/revisions\/2653"}],"wp:featuredmedia":[{"embeddable":true,"href":"https:\/\/tvc16.com\/portal\/wp-json\/wp\/v2\/media\/2651"}],"wp:attachment":[{"href":"https:\/\/tvc16.com\/portal\/wp-json\/wp\/v2\/media?parent=2649"}],"wp:term":[{"taxonomy":"category","embeddable":true,"href":"https:\/\/tvc16.com\/portal\/wp-json\/wp\/v2\/categories?post=2649"},{"taxonomy":"post_tag","embeddable":true,"href":"https:\/\/tvc16.com\/portal\/wp-json\/wp\/v2\/tags?post=2649"}],"curies":[{"name":"wp","href":"https:\/\/api.w.org\/{rel}","templated":true}]}}