{"id":2657,"date":"2020-10-13T21:19:47","date_gmt":"2020-10-13T21:19:47","guid":{"rendered":"https:\/\/tvc16.com\/portal\/?p=2657"},"modified":"2020-10-13T21:19:47","modified_gmt":"2020-10-13T21:19:47","slug":"covid-19-facebook-vai-proibir-anuncios-que-desencorajem-uso-de-vacina","status":"publish","type":"post","link":"https:\/\/tvc16.com\/portal\/2020\/10\/13\/covid-19-facebook-vai-proibir-anuncios-que-desencorajem-uso-de-vacina\/","title":{"rendered":"Covid-19: Facebook vai proibir an\u00fancios que desencorajem uso de vacina"},"content":{"rendered":"\n<h2 class=\"wp-block-heading\"><\/h2>\n\n\n\n<h3 class=\"wp-block-heading\">A nova pol\u00edtica come\u00e7ar\u00e1 a ser aplicada nos pr\u00f3ximos dias<\/h3>\n\n\n\n<h4 class=\"wp-block-heading\">Publicado em 13\/10\/2020 &#8211; 14:38 Por Elizabeth Culliford &#8211; Rep\u00f3rter da Reuters &#8211; &#8211;<\/h4>\n\n\n\n<figure class=\"wp-block-image\"><a href=\"https:\/\/br.reuters.com\/\" target=\"_blank\" rel=\"noreferrer noopener\"><img decoding=\"async\" src=\"https:\/\/agenciabrasil.ebc.com.br\/sites\/default\/files\/styles\/269x0\/public\/logo_parceiros\/logo_reuters.jpg?itok=1pP189Lc\" alt=\"Reuters\"\/><\/a><\/figure>\n\n\n\n<p>O Facebook anunciou nesta ter\u00e7a-feira (13) que vai come\u00e7ar a proibir an\u00fancios que desencorajem as pessoas a se vacinarem.<img decoding=\"async\" src=\"https:\/\/agenciabrasil.ebc.com.br\/ebc.png?id=1390501&amp;o=node\"><img decoding=\"async\" src=\"https:\/\/agenciabrasil.ebc.com.br\/ebc.gif?id=1390501&amp;o=node\"><\/p>\n\n\n\n<p>A companhia afirmou que os an\u00fancios que defendam ou sejam contra legisla\u00e7\u00e3o ou pol\u00edticas governamentais sobre vacinas, incluindo para covid-19, ainda ser\u00e3o permitidos. A nova pol\u00edtica come\u00e7ar\u00e1 a ser aplicada nos pr\u00f3ximos dias.<\/p>\n\n\n\n<p>At\u00e9 agora o Facebook proibia an\u00fancios com informa\u00e7\u00f5es mentirosas sobre vacinas, permitindo a veicula\u00e7\u00e3o dos que manifestassem oposi\u00e7\u00e3o contra vacinas, desde que n\u00e3o tivessem informa\u00e7\u00f5es falsas.<\/p>\n","protected":false},"excerpt":{"rendered":"<p>A nova pol\u00edtica come\u00e7ar\u00e1 a ser aplicada nos pr\u00f3ximos dias Publicado em 13\/10\/2020 &#8211; 14:38<\/p>\n","protected":false},"author":2,"featured_media":2658,"comment_status":"open","ping_status":"open","sticky":false,"template":"","format":"standard","meta":{"footnotes":""},"categories":[22],"tags":[],"class_list":["post-2657","post","type-post","status-publish","format-standard","has-post-thumbnail","hentry","category-internacional"],"_links":{"self":[{"href":"https:\/\/tvc16.com\/portal\/wp-json\/wp\/v2\/posts\/2657","targetHints":{"allow":["GET"]}}],"collection":[{"href":"https:\/\/tvc16.com\/portal\/wp-json\/wp\/v2\/posts"}],"about":[{"href":"https:\/\/tvc16.com\/portal\/wp-json\/wp\/v2\/types\/post"}],"author":[{"embeddable":true,"href":"https:\/\/tvc16.com\/portal\/wp-json\/wp\/v2\/users\/2"}],"replies":[{"embeddable":true,"href":"https:\/\/tvc16.com\/portal\/wp-json\/wp\/v2\/comments?post=2657"}],"version-history":[{"count":1,"href":"https:\/\/tvc16.com\/portal\/wp-json\/wp\/v2\/posts\/2657\/revisions"}],"predecessor-version":[{"id":2659,"href":"https:\/\/tvc16.com\/portal\/wp-json\/wp\/v2\/posts\/2657\/revisions\/2659"}],"wp:featuredmedia":[{"embeddable":true,"href":"https:\/\/tvc16.com\/portal\/wp-json\/wp\/v2\/media\/2658"}],"wp:attachment":[{"href":"https:\/\/tvc16.com\/portal\/wp-json\/wp\/v2\/media?parent=2657"}],"wp:term":[{"taxonomy":"category","embeddable":true,"href":"https:\/\/tvc16.com\/portal\/wp-json\/wp\/v2\/categories?post=2657"},{"taxonomy":"post_tag","embeddable":true,"href":"https:\/\/tvc16.com\/portal\/wp-json\/wp\/v2\/tags?post=2657"}],"curies":[{"name":"wp","href":"https:\/\/api.w.org\/{rel}","templated":true}]}}