{"id":2660,"date":"2020-10-13T21:23:25","date_gmt":"2020-10-13T21:23:25","guid":{"rendered":"https:\/\/tvc16.com\/portal\/?p=2660"},"modified":"2020-10-13T21:23:25","modified_gmt":"2020-10-13T21:23:25","slug":"franca-pode-impor-mais-restricoes-devido-a-ocupacao-maior-de-utis","status":"publish","type":"post","link":"https:\/\/tvc16.com\/portal\/2020\/10\/13\/franca-pode-impor-mais-restricoes-devido-a-ocupacao-maior-de-utis\/","title":{"rendered":"Fran\u00e7a pode impor mais restri\u00e7\u00f5es devido \u00e0 ocupa\u00e7\u00e3o maior de UTIs"},"content":{"rendered":"\n<h2 class=\"wp-block-heading\"><\/h2>\n\n\n\n<h3 class=\"wp-block-heading\">Medidas s\u00e3o para enfrentar segunda onda do novo coronav\u00edrus<\/h3>\n\n\n\n<h4 class=\"wp-block-heading\">Publicado em 13\/10\/2020 &#8211;  Por Dominique Vidalon e Sudip Kar-Gupt &#8211; Rep\u00f3rteres da Reuters &#8211; Paris<\/h4>\n\n\n\n<figure class=\"wp-block-image\"><a href=\"https:\/\/br.reuters.com\/\" target=\"_blank\" rel=\"noreferrer noopener\"><img decoding=\"async\" src=\"https:\/\/agenciabrasil.ebc.com.br\/sites\/default\/files\/styles\/269x0\/public\/logo_parceiros\/logo_reuters.jpg?itok=1pP189Lc\" alt=\"Reuters\"\/><\/a><\/figure>\n\n\n\n<p>O presidente da Fran\u00e7a, Emmanuel Macron, se reuniu com ministros de gabinete nesta ter\u00e7a-feira (13) para debater poss\u00edveis restri\u00e7\u00f5es adicionais para enfrentar uma segunda onda do novo&nbsp;coronav\u00edrus que atinge o pa\u00eds.<img decoding=\"async\" src=\"https:\/\/agenciabrasil.ebc.com.br\/ebc.png?id=1390467&amp;o=node\"><img decoding=\"async\" src=\"https:\/\/agenciabrasil.ebc.com.br\/ebc.gif?id=1390467&amp;o=node\"><\/p>\n\n\n\n<p>A Fran\u00e7a, como os vizinhos Reino Unido e Espanha, luta para descobrir como desacelerar a dissemina\u00e7\u00e3o do v\u00edrus e aliviar a press\u00e3o sobre um sistema de sa\u00fade novamente sobrecarregado, enquanto mant\u00e9m a economia de US$ 2,71 trilh\u00f5es ativa e protege os empregos.<\/p>\n\n\n\n<p>O pa\u00eds relatou mais de 1.500 pacientes de covid-19 em unidades de tratamento intensivo UTIs) nessa&nbsp;segunda-feira (12), um n\u00edvel que n\u00e3o era visto desde o fim&nbsp;de maio.<\/p>\n\n\n\n<p>Macron far\u00e1 pronunciamento em rede nacional amanh\u00e3 (14) \u00e0 noite, e seu primeiro-ministro, Jean Castex, se recusou a descartar&nbsp;<em>lockdowns<\/em>&nbsp;locais.<\/p>\n\n\n\n<p>&#8220;Nada deveria estar fora de cogita\u00e7\u00e3o quando voc\u00ea v\u00ea a situa\u00e7\u00e3o que nossos hospitais enfrentam&#8221;, disse Castex \u00e0&nbsp;<em>R\u00e1dio France Info<\/em>.&nbsp;<\/p>\n\n\n\n<p>Os grandes jornais&nbsp;<em>Le Monde<\/em>&nbsp;e&nbsp;<em>Le Figaro<\/em>&nbsp;noticiaram que toques de recolher em locais que s\u00e3o focos da&nbsp;covid-19&nbsp;s\u00e3o uma op\u00e7\u00e3o, j\u00e1 considerada&nbsp;no m\u00eas passado pelo Conselho Cient\u00edfico que orienta o governo.<\/p>\n\n\n\n<p>As cinco maiores cidades francesas &#8211; Paris, Marselha, Lyon, Toulouse e Lille &#8211; est\u00e3o entre as nove \u00e1reas metropolitanas j\u00e1 em alerta m\u00e1ximo, o que significa que bares e academias de gin\u00e1stica est\u00e3o fechados e os restaurantes operam sob condi\u00e7\u00f5es sanit\u00e1rias r\u00edgidas.<\/p>\n\n\n\n<p>Dados de autoridades de sa\u00fade mostram que a propor\u00e7\u00e3o de exames positivos de covid-19 aumentou quase 12% em toda a na\u00e7\u00e3o &#8211; uma taxa abaixo de 5% mostra controle da prolifera\u00e7\u00e3o, disseram especialistas em&nbsp;sa\u00fade.<\/p>\n","protected":false},"excerpt":{"rendered":"<p>Medidas s\u00e3o para enfrentar segunda onda do novo coronav\u00edrus Publicado em 13\/10\/2020 &#8211; Por Dominique<\/p>\n","protected":false},"author":2,"featured_media":2661,"comment_status":"open","ping_status":"open","sticky":false,"template":"","format":"standard","meta":{"footnotes":""},"categories":[22],"tags":[],"class_list":["post-2660","post","type-post","status-publish","format-standard","has-post-thumbnail","hentry","category-internacional"],"_links":{"self":[{"href":"https:\/\/tvc16.com\/portal\/wp-json\/wp\/v2\/posts\/2660","targetHints":{"allow":["GET"]}}],"collection":[{"href":"https:\/\/tvc16.com\/portal\/wp-json\/wp\/v2\/posts"}],"about":[{"href":"https:\/\/tvc16.com\/portal\/wp-json\/wp\/v2\/types\/post"}],"author":[{"embeddable":true,"href":"https:\/\/tvc16.com\/portal\/wp-json\/wp\/v2\/users\/2"}],"replies":[{"embeddable":true,"href":"https:\/\/tvc16.com\/portal\/wp-json\/wp\/v2\/comments?post=2660"}],"version-history":[{"count":1,"href":"https:\/\/tvc16.com\/portal\/wp-json\/wp\/v2\/posts\/2660\/revisions"}],"predecessor-version":[{"id":2662,"href":"https:\/\/tvc16.com\/portal\/wp-json\/wp\/v2\/posts\/2660\/revisions\/2662"}],"wp:featuredmedia":[{"embeddable":true,"href":"https:\/\/tvc16.com\/portal\/wp-json\/wp\/v2\/media\/2661"}],"wp:attachment":[{"href":"https:\/\/tvc16.com\/portal\/wp-json\/wp\/v2\/media?parent=2660"}],"wp:term":[{"taxonomy":"category","embeddable":true,"href":"https:\/\/tvc16.com\/portal\/wp-json\/wp\/v2\/categories?post=2660"},{"taxonomy":"post_tag","embeddable":true,"href":"https:\/\/tvc16.com\/portal\/wp-json\/wp\/v2\/tags?post=2660"}],"curies":[{"name":"wp","href":"https:\/\/api.w.org\/{rel}","templated":true}]}}