{"id":2663,"date":"2020-10-13T21:29:21","date_gmt":"2020-10-13T21:29:21","guid":{"rendered":"https:\/\/tvc16.com\/portal\/?p=2663"},"modified":"2020-10-13T21:29:21","modified_gmt":"2020-10-13T21:29:21","slug":"apos-39-anos-polo-aquatico-retornara-a-jogos-escolares-brasileiros","status":"publish","type":"post","link":"https:\/\/tvc16.com\/portal\/2020\/10\/13\/apos-39-anos-polo-aquatico-retornara-a-jogos-escolares-brasileiros\/","title":{"rendered":"Ap\u00f3s 39 anos, polo aqu\u00e1tico retornar\u00e1 a Jogos Escolares Brasileiros"},"content":{"rendered":"\n<h2 class=\"wp-block-heading\"><\/h2>\n\n\n\n<h3 class=\"wp-block-heading\">Confirmado para 2021, evento reunir\u00e1 7,5 mil crian\u00e7as e adolescentes<\/h3>\n\n\n\n<h4 class=\"wp-block-heading\">Publicado em 13\/10\/2020 &#8211; Por Lincoln Chaves &#8211; Rep\u00f3rter da TV Brasil e R\u00e1dio Nacional &#8211; S\u00e3o Paulo<\/h4>\n\n\n\n<p>Fora dos Jogos Escolares Brasileiros (JEBs) desde 1982, o polo aqu\u00e1tico \u00e9 uma das novidades da pr\u00f3xima edi\u00e7\u00e3o do evento, confirmado para outubro&nbsp;do ano que vem, na cidade do Rio de Janeiro (RJ). A competi\u00e7\u00e3o abrange 17 modalidades, e o polo \u00e9 uma das cinco que ser\u00e3o disputadas como demonstra\u00e7\u00e3o, assim como skate, escalada, dan\u00e7a e curling. A edi\u00e7\u00e3o de 2021 dos JEBs &#8211; a competi\u00e7\u00e3o n\u00e3o ocorria desde 2004 &#8211; deve reunir cerca de 7,5 mil participantes entre 12 e 14 anos.&nbsp;<img decoding=\"async\" src=\"https:\/\/agenciabrasil.ebc.com.br\/ebc.png?id=1390511&amp;o=node\"><img decoding=\"async\" src=\"https:\/\/agenciabrasil.ebc.com.br\/ebc.gif?id=1390511&amp;o=node\"><\/p>\n\n\n\n<p>&#8220;\u00c9 uma bela motiva\u00e7\u00e3o para a crian\u00e7ada praticar e a gente poder come\u00e7ar a garimpar quem tem o dom&#8221;, avalia Alessandro Checchinato, presidente da Polo Aqu\u00e1tico Brasil (PAB), liga nacional da modalidade. &#8220;A crian\u00e7a, para se manter motivada no esporte, tem que ter perspectiva de competir, viajar. Os JEBs ajudam muito nesse sentido&#8221;, completa.<\/p>\n\n\n\n<p>O retorno do polo \u00e0 competi\u00e7\u00e3o infanto-juvenil \u00e9 um bom sinal, segundo Jo\u00e3o Santos, diretor da modalidade na Confedera\u00e7\u00e3o Brasileira de Desporto Aqu\u00e1ticos (CBDA). &#8220;O polo, infelizmente, ainda n\u00e3o participar\u00e1 efetivamente dos JEBs, pois, para isso, precisa ter uma participa\u00e7\u00e3o mais efetiva de times jovens em todas as regi\u00f5es. A boa not\u00edcia \u00e9 que j\u00e1 teremos uma demonstra\u00e7\u00e3o, e isso pode ser um come\u00e7o&#8221;, afirmou o dirigente em\u00a0<a href=\"https:\/\/novo.cbda.org.br\/noticia\/leitura\/19512\/polo-aquatico-e-incluido-nos-jogos-escolares-brasileiros-para-2021\">depoimento<\/a>\u00a0ao site oficial da entidade.<\/p>\n\n\n\n<figure class=\"wp-block-image size-large\"><img loading=\"lazy\" decoding=\"async\" width=\"754\" height=\"509\" src=\"https:\/\/tvc16.com\/portal\/wp-content\/uploads\/2020\/10\/polo_aquatico_jebs_feminino.jpg\" alt=\"\" class=\"wp-image-2664\" srcset=\"https:\/\/tvc16.com\/portal\/wp-content\/uploads\/2020\/10\/polo_aquatico_jebs_feminino.jpg 754w, https:\/\/tvc16.com\/portal\/wp-content\/uploads\/2020\/10\/polo_aquatico_jebs_feminino-300x203.jpg 300w\" sizes=\"auto, (max-width: 754px) 100vw, 754px\" \/><\/figure>\n\n\n\n<p>A volta dos JEBs em 2021 foi divulgada em agosto, antes do polo aqu\u00e1tico ser inclu\u00eddo na previs\u00e3o. Na ocasi\u00e3o, Checchinato explicou que foi feito um contato, via of\u00edcio, com a CBDE. &#8220;Claro que a gente gostaria que fosse inclu\u00eddo no ano que vem, mas n\u00e3o acredito que ser\u00e1 implementado de imediato. O que estamos querendo \u00e9 conversar e tentar implementar o polo aqu\u00e1tico de forma gradual em alguns estados, e come\u00e7ar a ver a viabilidade e a dificuldade que a gente ter\u00e1 para isso&#8221;, explicou o dirigente h\u00e1 dois meses.<\/p>\n\n\n\n<h2 class=\"wp-block-heading\">Forma\u00e7\u00e3o<\/h2>\n\n\n\n<p>Atualmente, o acesso \u00e0 modalidade se d\u00e1, principalmente, por clubes ou projetos &#8211; como o da Associa\u00e7\u00e3o Bauruense de Desportos Aqu\u00e1ticos (ABDA), em Bauru (SP). A introdu\u00e7\u00e3o na escola ainda \u00e9 exce\u00e7\u00e3o. Um exemplo \u00e9 a iniciativa do Servi\u00e7o Social da Ind\u00fastria de S\u00e3o Paulo (Sesi-SP), que apresenta o esporte, em forma de viv\u00eancia, a nove unidades escolares da institui\u00e7\u00e3o, como atividade p\u00f3s-grade curricular.<\/p>\n\n\n\n<p>&#8220;Hoje, basicamente, nosso time adulto de polo \u00e9 montado com 80% dos atletas vindos da escola do Sesi-SP. Estamos totalmente alinhados com a base&#8221;, afirma Andr\u00e9 Avallone, t\u00e9cnico da agremia\u00e7\u00e3o paulista e que tamb\u00e9m \u00e9 respons\u00e1vel pela an\u00e1lise, avalia\u00e7\u00e3o e sequ\u00eancia pedag\u00f3gica da forma\u00e7\u00e3o.\u00a0\u00a0<\/p>\n\n\n\n<p>O estudo&nbsp;<a href=\"https:\/\/biblioteca.ibge.gov.br\/visualizacao\/livros\/liv100411.pdf\">Suplemento de Esporte do Perfil dos Estados e Munic\u00edpios Brasileiros 2016<\/a>, divulgado no ano seguinte pelo Instituto Brasileiro de Geografia e Estat\u00edstica (IBGE), mostrou que apenas 27% dos munic\u00edpios tinham escolas com alguma estrutura esportiva. Entre as instala\u00e7\u00f5es presentes na rede p\u00fablica municipal, somente 6,3% inclu\u00edam pisicinas.<\/p>\n\n\n\n<p>&#8220;Entretanto, quando o polo aqu\u00e1tico esteve inserido nos JEBs, na d\u00e9cada de 80, desenvolveu muito nas regi\u00f5es Norte, Nordeste e Sul. Os estudantes n\u00e3o tinham piscina nas escolas, mas treinavam em centros esportivos das cidades. Como tinha a possibilidade de se jogar fora do estado e, mais adiante, em um Sul-Americano ou um Mundial, o pessoal se empolgava e tinha interesse&#8221;, pondera Checchinato.<\/p>\n\n\n\n<p>T\u00e9cnico de polo aqu\u00e1tico no Clube Paineiras do Morumby, em S\u00e3o Paulo (SP), Leonardo Vergara &#8211; ou L\u00e9o Para\u00edba, como \u00e9 conhecido, em refer\u00eancia ao estado onde nasceu &#8211; esteve em seis edi\u00e7\u00f5es do evento infanto-juvenil, uma delas como \u00e1rbitro. A competi\u00e7\u00e3o foi o pontap\u00e9 inicial na carreira dele, que ainda atleta defendeu clubes tradicionais como Flamengo, Fluminense e Pinheiros, chegando \u00e0 sele\u00e7\u00e3o brasileira.<\/p>\n\n\n\n<p>&#8220;Pass\u00e1vamos o ano inteiro treinando para os JEBs, esperando aquela viagem, de dois dias e meio de \u00f4nibus. Era uma grande festa. Meninos e meninas do Brasil inteiro, jogando na piscina fria, mas era um grande barato. Joguei cinco JEBs pela Para\u00edba. Ganhamos uma vez e, seguramente, \u00e9 um dos t\u00edtulos dos quais mais me orgulho&#8221;, recorda L\u00e9o, que antes mesmo da confirma\u00e7\u00e3o do polo aqu\u00e1tico na retomada da competi\u00e7\u00e3o,&nbsp;j\u00e1 defendia a presen\u00e7a da modalidade. &#8220;\u00c9 o primeiro esporte ol\u00edmpico coletivo. Hoje, 14 estados praticam o polo no pa\u00eds. Tem muita tradi\u00e7\u00e3o, n\u00e3o pode ficar fora&#8221;, destacou.<\/p>\n\n\n\n<blockquote class=\"wp-block-quote is-layout-flow wp-block-quote-is-layout-flow\"><p><a href=\"https:\/\/twitter.com\/hashtag\/cbdejebs2021?src=hash&amp;ref_src=twsrc%5Etfw\">#cbdejebs2021<\/a>&nbsp;| Seguimos trabalhando a todo vapor para a realiza\u00e7\u00e3o dos Jogos Escolares Brasileiros, JEBs &#8211; 2021! \ud83d\ude00\ud83c\udde7\ud83c\uddf7&nbsp;<a href=\"https:\/\/t.co\/ROXwedo94S\">pic.twitter.com\/ROXwedo94S<\/a>\u2014 CBDE (@CbdeOficial)&nbsp;<a href=\"https:\/\/twitter.com\/CbdeOficial\/status\/1312212570418245633?ref_src=twsrc%5Etfw\">October 3, 2020<\/a><\/p><\/blockquote>\n\n\n\n<h2 class=\"wp-block-heading\">JEBs<\/h2>\n\n\n\n<p>Segundo a organiza\u00e7\u00e3o, al\u00e9m dos alunos, a edi\u00e7\u00e3o 2021 dos JEBs reunir\u00e1 aproximadamente 1,5 mil professores, t\u00e9cnicos e 400 \u00e1rbitros em sete dias de competi\u00e7\u00f5es. Ser\u00e3o distribu\u00eddos 140 trof\u00e9us e duas mil medalhas. Das 17 modalidades, 10 s\u00e3o classificat\u00f3rias para os Jogos Sul-Americanos Escolares, que tamb\u00e9m ocorrer\u00e3o no pr\u00f3ximo ano, em Bras\u00edlia (DF).<\/p>\n\n\n\n<p>Com exce\u00e7\u00e3o do atletismo, as demais disputas dos JEBs ser\u00e3o no Parque Ol\u00edmpico, na&nbsp;Barra da Tijuca, zona oeste do Rio de Janeiro (RJ). A estrutura foi&nbsp;<a href=\"https:\/\/www.gov.br\/cidadania\/pt-br\/noticias-e-conteudos\/esporte\/noticias_esporte\/parque-olimpico-da-barra-passa-por-vistoria-para-os-jebs-2021\">vistoriada<\/a>, h\u00e1 duas semanas, por dirigentes da CBDE e profissionais do Escrit\u00f3rio de Governan\u00e7a do Legado Ol\u00edmpico (EGLO), al\u00e9m de representantes dos governos municipal e estadual. O evento ainda n\u00e3o tem data definida, mas a estimativa \u00e9 que ocorra em outubro, ap\u00f3s a desmontagem da estrutura do Rock in Rio &#8211; que tamb\u00e9m ser\u00e1 no local.<\/p>\n\n\n\n<p>Edi\u00e7\u00e3o: Cl\u00e1udia Sores Rodrigues<\/p>\n","protected":false},"excerpt":{"rendered":"<p>Confirmado para 2021, evento reunir\u00e1 7,5 mil crian\u00e7as e adolescentes Publicado em 13\/10\/2020 &#8211; Por<\/p>\n","protected":false},"author":2,"featured_media":2665,"comment_status":"open","ping_status":"open","sticky":false,"template":"","format":"standard","meta":{"footnotes":""},"categories":[20],"tags":[],"class_list":["post-2663","post","type-post","status-publish","format-standard","has-post-thumbnail","hentry","category-esporte"],"_links":{"self":[{"href":"https:\/\/tvc16.com\/portal\/wp-json\/wp\/v2\/posts\/2663","targetHints":{"allow":["GET"]}}],"collection":[{"href":"https:\/\/tvc16.com\/portal\/wp-json\/wp\/v2\/posts"}],"about":[{"href":"https:\/\/tvc16.com\/portal\/wp-json\/wp\/v2\/types\/post"}],"author":[{"embeddable":true,"href":"https:\/\/tvc16.com\/portal\/wp-json\/wp\/v2\/users\/2"}],"replies":[{"embeddable":true,"href":"https:\/\/tvc16.com\/portal\/wp-json\/wp\/v2\/comments?post=2663"}],"version-history":[{"count":1,"href":"https:\/\/tvc16.com\/portal\/wp-json\/wp\/v2\/posts\/2663\/revisions"}],"predecessor-version":[{"id":2666,"href":"https:\/\/tvc16.com\/portal\/wp-json\/wp\/v2\/posts\/2663\/revisions\/2666"}],"wp:featuredmedia":[{"embeddable":true,"href":"https:\/\/tvc16.com\/portal\/wp-json\/wp\/v2\/media\/2665"}],"wp:attachment":[{"href":"https:\/\/tvc16.com\/portal\/wp-json\/wp\/v2\/media?parent=2663"}],"wp:term":[{"taxonomy":"category","embeddable":true,"href":"https:\/\/tvc16.com\/portal\/wp-json\/wp\/v2\/categories?post=2663"},{"taxonomy":"post_tag","embeddable":true,"href":"https:\/\/tvc16.com\/portal\/wp-json\/wp\/v2\/tags?post=2663"}],"curies":[{"name":"wp","href":"https:\/\/api.w.org\/{rel}","templated":true}]}}