{"id":26666,"date":"2021-12-17T10:42:51","date_gmt":"2021-12-17T13:42:51","guid":{"rendered":"https:\/\/tvc16.com\/portal\/?p=26666"},"modified":"2021-12-17T10:42:53","modified_gmt":"2021-12-17T13:42:53","slug":"prefeitura-de-petropolis-formaliza-elaboracao-do-plano-diretor-de-turismo-com-a-ufrrj","status":"publish","type":"post","link":"https:\/\/tvc16.com\/portal\/2021\/12\/17\/prefeitura-de-petropolis-formaliza-elaboracao-do-plano-diretor-de-turismo-com-a-ufrrj\/","title":{"rendered":"Prefeitura de Petr\u00f3polis formaliza elabora\u00e7\u00e3o do Plano Diretor de Turismo com a UFRRJ"},"content":{"rendered":"\n<p>Novo documento, que ter\u00e1 vig\u00eancia at\u00e9 2030, nortear\u00e1 a pol\u00edtica municipal de turismo nos pr\u00f3ximos anos<\/p>\n\n\n\n<p>A Prefeitura de Petr\u00f3polis, por meio da Secretaria de Turismo, cumpriu na quinta-feira (16\/12) a primeira etapa prevista na contrata\u00e7\u00e3o da Funda\u00e7\u00e3o de Apoio \u00e0 Pesquisa Cient\u00edfica e Tecnol\u00f3gica (FAPUR), da Universidade Federal Rural do Rio de Janeiro (UFFRJ), para a elabora\u00e7\u00e3o do Plano Diretor do Munic\u00edpio. O secret\u00e1rio de Turismo, Samir El Ghaoui, recebeu do professor Joilson de Assis Cabral, coordenador da funda\u00e7\u00e3o, o contrato assinado e conheceu a equipe t\u00e9cnica que vai atuar na pesquisa de avalia\u00e7\u00e3o e consolida\u00e7\u00e3o de dados para a elabora\u00e7\u00e3o do plano.<\/p>\n\n\n\n<p>A contrata\u00e7\u00e3o de uma institui\u00e7\u00e3o especializada para a elabora\u00e7\u00e3o do documento, que nortear\u00e1 a pol\u00edtica municipal de turismo nos pr\u00f3ximos anos, foi viabilizada por meio de recursos do Fundo Municipal de Turismo (Fumtur), ap\u00f3s aprova\u00e7\u00e3o un\u00e2nime pelo Conselho Municipal de Turismo (Comtur).<\/p>\n\n\n\n<p>Em junho deste ano, ap\u00f3s aprova\u00e7\u00e3o no Comtur, a Prefeitura encaminhou \u00e0 C\u00e2mara um projeto de lei que propunha, em s\u00edntese, a prorroga\u00e7\u00e3o do documento at\u00e9 dezembro de 2022. O Plano Diretor tinha validade at\u00e9 2019. A proposta foi aprovada por unanimidade e a Lei Municipal 8.147, de 2 de julho de 2021 foi sancionada. <\/p>\n\n\n\n<p>Ap\u00f3s esse tr\u00e2mite, a cidade &#8211; que figura na Categoria A do Turismo Nacional &#8211; se manteve apta para receber projetos custeados pelo governo federal para o fomento do setor. &#8220;O documento \u00e9 uma a\u00e7\u00e3o que estamos realizando em parceria com a sociedade civil, objetivando a promo\u00e7\u00e3o e o desenvolvimento sustent\u00e1vel do turismo em Petr\u00f3polis, mantendo o munic\u00edpio como um dos principais destinos tur\u00edsticos do pa\u00eds, gerando trabalho e renda, ajudando a nossa economia e toda a cadeia produtiva do setor&#8221;, destaca o secret\u00e1rio de Turismo, Samir El Ghaoui.<\/p>\n\n\n\n<p>A equipe t\u00e9cnica da FAPUR se comprometeu a apresentar a proposta metodol\u00f3gica para a constru\u00e7\u00e3o do plano j\u00e1 na primeira reuni\u00e3o do Comtur em 2022, que est\u00e1 marcada para o dia 17 de janeiro, cumprindo assim o cronograma previsto. Tamb\u00e9m participaram da reuni\u00e3o a diretora de turismo e eventos da Turispetro, Evany Noel, a diretora administrativa, Mar\u00edlia Mills, e a chefe da se\u00e7\u00e3o do Observat\u00f3rio Regional do Turismo, Ver\u00f4nica Marcolino.<\/p>\n","protected":false},"excerpt":{"rendered":"<p>Novo documento, que ter\u00e1 vig\u00eancia at\u00e9 2030, nortear\u00e1 a pol\u00edtica municipal de turismo nos pr\u00f3ximos<\/p>\n","protected":false},"author":2,"featured_media":26667,"comment_status":"open","ping_status":"open","sticky":false,"template":"","format":"standard","meta":{"footnotes":""},"categories":[12],"tags":[],"class_list":["post-26666","post","type-post","status-publish","format-standard","has-post-thumbnail","hentry","category-cidade"],"_links":{"self":[{"href":"https:\/\/tvc16.com\/portal\/wp-json\/wp\/v2\/posts\/26666","targetHints":{"allow":["GET"]}}],"collection":[{"href":"https:\/\/tvc16.com\/portal\/wp-json\/wp\/v2\/posts"}],"about":[{"href":"https:\/\/tvc16.com\/portal\/wp-json\/wp\/v2\/types\/post"}],"author":[{"embeddable":true,"href":"https:\/\/tvc16.com\/portal\/wp-json\/wp\/v2\/users\/2"}],"replies":[{"embeddable":true,"href":"https:\/\/tvc16.com\/portal\/wp-json\/wp\/v2\/comments?post=26666"}],"version-history":[{"count":1,"href":"https:\/\/tvc16.com\/portal\/wp-json\/wp\/v2\/posts\/26666\/revisions"}],"predecessor-version":[{"id":26668,"href":"https:\/\/tvc16.com\/portal\/wp-json\/wp\/v2\/posts\/26666\/revisions\/26668"}],"wp:featuredmedia":[{"embeddable":true,"href":"https:\/\/tvc16.com\/portal\/wp-json\/wp\/v2\/media\/26667"}],"wp:attachment":[{"href":"https:\/\/tvc16.com\/portal\/wp-json\/wp\/v2\/media?parent=26666"}],"wp:term":[{"taxonomy":"category","embeddable":true,"href":"https:\/\/tvc16.com\/portal\/wp-json\/wp\/v2\/categories?post=26666"},{"taxonomy":"post_tag","embeddable":true,"href":"https:\/\/tvc16.com\/portal\/wp-json\/wp\/v2\/tags?post=26666"}],"curies":[{"name":"wp","href":"https:\/\/api.w.org\/{rel}","templated":true}]}}