{"id":26669,"date":"2021-12-17T10:47:12","date_gmt":"2021-12-17T13:47:12","guid":{"rendered":"https:\/\/tvc16.com\/portal\/?p=26669"},"modified":"2021-12-17T10:54:58","modified_gmt":"2021-12-17T13:54:58","slug":"prefeitura-promove-primeiro-encontro-de-nutricionistas-da-rede-de-atencao-basica-de-saude-de-petropolis","status":"publish","type":"post","link":"https:\/\/tvc16.com\/portal\/2021\/12\/17\/prefeitura-promove-primeiro-encontro-de-nutricionistas-da-rede-de-atencao-basica-de-saude-de-petropolis\/","title":{"rendered":"Prefeitura promove primeiro encontro de nutricionistas da Rede de Aten\u00e7\u00e3o B\u00e1sica de Sa\u00fade de Petr\u00f3polis"},"content":{"rendered":"\n<p>Com o objetivo de debater o panorama municipal da rede de assist\u00eancia nutricional, a Prefeitura de Petr\u00f3polis promoveu na quinta-feira (16), o primeiro encontro de nutricionistas da Rede de Aten\u00e7\u00e3o B\u00e1sica de Sa\u00fade. O encontro aconteceu por meio da \u00c1rea T\u00e9cnica de Alimenta\u00e7\u00e3o e Nutri\u00e7\u00e3o da Secretaria de Sa\u00fade, e contou com a participa\u00e7\u00e3o de integrantes do Conselho de Seguran\u00e7a Alimentar e Nutricional do munic\u00edpio.<\/p>\n\n\n\n<p>O encontro aconteceu no audit\u00f3rio do Departamento das Doen\u00e7as Infecto Parasit\u00e1rias (DIP), ao lado do Hospital Municipal Nelson de S\u00e1 Earp (HMNSE). Na reuni\u00e3o tamb\u00e9m foram apresentados os marcadores de consumo e os nutricionistas que comp\u00f5em a Rede de Aten\u00e7\u00e3o B\u00e1sica, al\u00e9m da discuss\u00e3o sobre o Programa Aux\u00edlio Brasil.<\/p>\n\n\n\n<p>A coordenadora da \u00c1rea T\u00e9cnica de Alimenta\u00e7\u00e3o e Nutri\u00e7\u00e3o, Tha\u00eds Riguete, ressaltou a atua\u00e7\u00e3o dos profissionais da Aten\u00e7\u00e3o B\u00e1sica. \u201cS\u00e3o dois anos sonhando com esse momento de reunir os nutricionistas da rede de sa\u00fade e conseguimos realizar. Estou muito feliz com os temas debatidos e por ver que o trabalho est\u00e1 sendo bem feito nas unidades de sa\u00fade. Agrade\u00e7o o empenho de todos\u201d.<\/p>\n","protected":false},"excerpt":{"rendered":"<p>Com o objetivo de debater o panorama municipal da rede de assist\u00eancia nutricional, a Prefeitura<\/p>\n","protected":false},"author":2,"featured_media":26670,"comment_status":"open","ping_status":"open","sticky":false,"template":"","format":"standard","meta":{"footnotes":""},"categories":[12],"tags":[],"class_list":["post-26669","post","type-post","status-publish","format-standard","has-post-thumbnail","hentry","category-cidade"],"_links":{"self":[{"href":"https:\/\/tvc16.com\/portal\/wp-json\/wp\/v2\/posts\/26669","targetHints":{"allow":["GET"]}}],"collection":[{"href":"https:\/\/tvc16.com\/portal\/wp-json\/wp\/v2\/posts"}],"about":[{"href":"https:\/\/tvc16.com\/portal\/wp-json\/wp\/v2\/types\/post"}],"author":[{"embeddable":true,"href":"https:\/\/tvc16.com\/portal\/wp-json\/wp\/v2\/users\/2"}],"replies":[{"embeddable":true,"href":"https:\/\/tvc16.com\/portal\/wp-json\/wp\/v2\/comments?post=26669"}],"version-history":[{"count":2,"href":"https:\/\/tvc16.com\/portal\/wp-json\/wp\/v2\/posts\/26669\/revisions"}],"predecessor-version":[{"id":26678,"href":"https:\/\/tvc16.com\/portal\/wp-json\/wp\/v2\/posts\/26669\/revisions\/26678"}],"wp:featuredmedia":[{"embeddable":true,"href":"https:\/\/tvc16.com\/portal\/wp-json\/wp\/v2\/media\/26670"}],"wp:attachment":[{"href":"https:\/\/tvc16.com\/portal\/wp-json\/wp\/v2\/media?parent=26669"}],"wp:term":[{"taxonomy":"category","embeddable":true,"href":"https:\/\/tvc16.com\/portal\/wp-json\/wp\/v2\/categories?post=26669"},{"taxonomy":"post_tag","embeddable":true,"href":"https:\/\/tvc16.com\/portal\/wp-json\/wp\/v2\/tags?post=26669"}],"curies":[{"name":"wp","href":"https:\/\/api.w.org\/{rel}","templated":true}]}}