{"id":2667,"date":"2020-10-14T11:46:47","date_gmt":"2020-10-14T11:46:47","guid":{"rendered":"https:\/\/tvc16.com\/portal\/?p=2667"},"modified":"2020-10-14T12:02:04","modified_gmt":"2020-10-14T12:02:04","slug":"rua-16-de-lanca-campanha-16-solidaria-em-apoio-a-renovar","status":"publish","type":"post","link":"https:\/\/tvc16.com\/portal\/2020\/10\/14\/rua-16-de-lanca-campanha-16-solidaria-em-apoio-a-renovar\/","title":{"rendered":"Rua 16 de lan\u00e7a campanha 16 Solid\u00e1ria em apoio \u00e0 renovar"},"content":{"rendered":"\n<p>Os empres\u00e1rios e equipes do Polo de Experi\u00eancias da Rua 16 de Mar\u00e7o e Adjac\u00eancias, no m\u00eas das crian\u00e7as lan\u00e7ou uma nova edi\u00e7\u00e3o da &#8220;Campanha 16 Solid\u00e1ria&#8221;, desta vez em apoio \u00e0 RENOVAR, para arrecadar leite em p\u00f3 integral. A RENOVAR Sa\u00fade Crian\u00e7a \u00e9 uma organiza\u00e7\u00e3o que ampara fam\u00edlias de baixa renda, que tiveram um dos filhos internados numa unidade hospitalar do munic\u00edpio de Petr\u00f3polis ou que sofrem de problemas cr\u00f4nicos de sa\u00fade. <\/p>\n\n\n\n<p>O principal objetivo \u00e9 garantir a plena recupera\u00e7\u00e3o da sa\u00fade da crian\u00e7a, reduzindo casos de reinterna\u00e7\u00e3o e disponibilizar meios que promovam a melhoria da qualidade de vida das suas fam\u00edlias. Profissionais como assistente social, nutricionista e psic\u00f3loga assistem tanto a crian\u00e7a convalescente, quanto aos demais membros da fam\u00edlia por, em m\u00e9dia, 18 meses. <\/p>\n\n\n\n<p>A institui\u00e7\u00e3o fornece mensalmente medicamentos, leite e cestas de alimentos, al\u00e9m de promover palestras educativas e cursos de capacita\u00e7\u00e3o para o trabalho, dentre outros benef\u00edcios prestados de acordo com as necessidades identificadas em cada fam\u00edlia. <\/p>\n\n\n\n<p>A partir do dia 09 de outubro at\u00e9 in\u00edcio de novembro, as pessoas interessadas e sens\u00edveis \u00e0s causas solid\u00e1rias poder\u00e3o depositar sua doa\u00e7\u00e3o de leite em p\u00f3 integral em lat\u00f5es amarelos adesivados com o nome da campanha, instalados em centros comerciais associados ao Polo de Experi\u00eancias. S\u00e3o eles: Conjunto Comercial Vicente Marchese, Travessa Cristal (n\u00ba 325), ambos na Rua 16 de Mar\u00e7o, e no Shopping Bauhaus, na Rua Dr. Nelson de S\u00e1 Earp, com entrada tamb\u00e9m pela Rua 16 de Mar\u00e7o. <\/p>\n\n\n\n<p>Na sua visita ao Polo de Experi\u00eancias da Rua 16 de Mar\u00e7o e Alencar Lima aproveite a oportunidade e se encante com os jardins e decora\u00e7\u00e3o dos postes durante a 16 das Flores, evento comemorativo da esta\u00e7\u00e3o da primavera, d\u00ea uma paradinha para um lanche ou almo\u00e7o e aprecie as lojas do polo comercial mais charmoso da cidade. <\/p>\n\n\n\n<p>Para mais informa\u00e7\u00f5es a popula\u00e7\u00e3o pode consultar redes sociais @rua16demarco e fique por dentro das novidades, lan\u00e7amentos de cole\u00e7\u00f5es, promo\u00e7\u00f5es e eventos.<\/p>\n\n\n\n<p>Foto: divulga\u00e7\u00e3o<\/p>\n","protected":false},"excerpt":{"rendered":"<p>Os empres\u00e1rios e equipes do Polo de Experi\u00eancias da Rua 16 de Mar\u00e7o e Adjac\u00eancias,<\/p>\n","protected":false},"author":2,"featured_media":2668,"comment_status":"open","ping_status":"open","sticky":false,"template":"","format":"standard","meta":{"footnotes":""},"categories":[12],"tags":[],"class_list":["post-2667","post","type-post","status-publish","format-standard","has-post-thumbnail","hentry","category-cidade"],"_links":{"self":[{"href":"https:\/\/tvc16.com\/portal\/wp-json\/wp\/v2\/posts\/2667","targetHints":{"allow":["GET"]}}],"collection":[{"href":"https:\/\/tvc16.com\/portal\/wp-json\/wp\/v2\/posts"}],"about":[{"href":"https:\/\/tvc16.com\/portal\/wp-json\/wp\/v2\/types\/post"}],"author":[{"embeddable":true,"href":"https:\/\/tvc16.com\/portal\/wp-json\/wp\/v2\/users\/2"}],"replies":[{"embeddable":true,"href":"https:\/\/tvc16.com\/portal\/wp-json\/wp\/v2\/comments?post=2667"}],"version-history":[{"count":4,"href":"https:\/\/tvc16.com\/portal\/wp-json\/wp\/v2\/posts\/2667\/revisions"}],"predecessor-version":[{"id":2672,"href":"https:\/\/tvc16.com\/portal\/wp-json\/wp\/v2\/posts\/2667\/revisions\/2672"}],"wp:featuredmedia":[{"embeddable":true,"href":"https:\/\/tvc16.com\/portal\/wp-json\/wp\/v2\/media\/2668"}],"wp:attachment":[{"href":"https:\/\/tvc16.com\/portal\/wp-json\/wp\/v2\/media?parent=2667"}],"wp:term":[{"taxonomy":"category","embeddable":true,"href":"https:\/\/tvc16.com\/portal\/wp-json\/wp\/v2\/categories?post=2667"},{"taxonomy":"post_tag","embeddable":true,"href":"https:\/\/tvc16.com\/portal\/wp-json\/wp\/v2\/tags?post=2667"}],"curies":[{"name":"wp","href":"https:\/\/api.w.org\/{rel}","templated":true}]}}