{"id":26679,"date":"2021-12-17T12:10:47","date_gmt":"2021-12-17T15:10:47","guid":{"rendered":"https:\/\/tvc16.com\/portal\/?p=26679"},"modified":"2021-12-17T12:11:11","modified_gmt":"2021-12-17T15:11:11","slug":"covid-19-em-petropolis-215-745-ja-foram-vacinadas","status":"publish","type":"post","link":"https:\/\/tvc16.com\/portal\/2021\/12\/17\/covid-19-em-petropolis-215-745-ja-foram-vacinadas\/","title":{"rendered":"Covid-19: em Petr\u00f3polis 215.745 j\u00e1 foram vacinadas"},"content":{"rendered":"\n<p>As equipes de enfermagem, sob coordena\u00e7\u00e3o do departamento de Vigil\u00e2ncia em Sa\u00fade, deram sequ\u00eancia na quinta-feira a (16\/12) a vacina\u00e7\u00e3o contra a covid-19. Durante todo o dia, 1.368 pessoas foram vacinadas na cidade. Destas 41 receberam a primeira dose, 721 receberam a segunda dose e 606 receberam a dose de refor\u00e7o. At\u00e9 o momento 240.042 pessoas receberam a primeira dose, 215.745 receberam a segunda dose, 6.805 receberam a dose \u00fanica e 35.847 pessoas maiores de 18 anos receberam a dose de refor\u00e7o do imunizante. <\/p>\n\n\n\n<p>Nos pontos de imuniza\u00e7\u00e3o as equipes aplicaram a segunda dose da vacina em quatro idosos. A dose de refor\u00e7o foi aplicada em 366 idosos, 206 pessoas na faixa et\u00e1ria entre 18 anos e 59 anos, dois pacientes com comorbidades e 32 trabalhadores da Sa\u00fade.<\/p>\n\n\n\n<p>A primeira dose da vacina foi aplicada ainda em 23 pessoas com idade entre 18 e 59 anos sem comorbidade. Na faixa et\u00e1ria abaixo de 59 anos, 217 pessoas tamb\u00e9m receberam a segunda dose. Foram vacinados ainda 498 adolescentes sem comorbidades, sendo 18 com a primeira dose e 480 com a segunda dose.<br>Equipes vacinaram ainda 18 gestantes com a segunda dose. Uma pu\u00e9rpera tamb\u00e9m recebeu a segynda dose da vacina.<\/p>\n\n\n\n<p>Em caso de d\u00favidas \u00e9 poss\u00edvel utilizar o Whatsapp da Sa\u00fade &#8211; assistente virtual que fornece informa\u00e7\u00f5es sobre a vacina\u00e7\u00e3o, locais de atendimento a pacientes com sintomas da doen\u00e7a e boletins. O atendimento est\u00e1 dispon\u00edvel pelo n\u00famero (24) 9.9200-1428.<\/p>\n","protected":false},"excerpt":{"rendered":"<p>As equipes de enfermagem, sob coordena\u00e7\u00e3o do departamento de Vigil\u00e2ncia em Sa\u00fade, deram sequ\u00eancia na<\/p>\n","protected":false},"author":2,"featured_media":26556,"comment_status":"open","ping_status":"open","sticky":false,"template":"","format":"standard","meta":{"footnotes":""},"categories":[12],"tags":[],"class_list":["post-26679","post","type-post","status-publish","format-standard","has-post-thumbnail","hentry","category-cidade"],"_links":{"self":[{"href":"https:\/\/tvc16.com\/portal\/wp-json\/wp\/v2\/posts\/26679","targetHints":{"allow":["GET"]}}],"collection":[{"href":"https:\/\/tvc16.com\/portal\/wp-json\/wp\/v2\/posts"}],"about":[{"href":"https:\/\/tvc16.com\/portal\/wp-json\/wp\/v2\/types\/post"}],"author":[{"embeddable":true,"href":"https:\/\/tvc16.com\/portal\/wp-json\/wp\/v2\/users\/2"}],"replies":[{"embeddable":true,"href":"https:\/\/tvc16.com\/portal\/wp-json\/wp\/v2\/comments?post=26679"}],"version-history":[{"count":1,"href":"https:\/\/tvc16.com\/portal\/wp-json\/wp\/v2\/posts\/26679\/revisions"}],"predecessor-version":[{"id":26680,"href":"https:\/\/tvc16.com\/portal\/wp-json\/wp\/v2\/posts\/26679\/revisions\/26680"}],"wp:featuredmedia":[{"embeddable":true,"href":"https:\/\/tvc16.com\/portal\/wp-json\/wp\/v2\/media\/26556"}],"wp:attachment":[{"href":"https:\/\/tvc16.com\/portal\/wp-json\/wp\/v2\/media?parent=26679"}],"wp:term":[{"taxonomy":"category","embeddable":true,"href":"https:\/\/tvc16.com\/portal\/wp-json\/wp\/v2\/categories?post=26679"},{"taxonomy":"post_tag","embeddable":true,"href":"https:\/\/tvc16.com\/portal\/wp-json\/wp\/v2\/tags?post=26679"}],"curies":[{"name":"wp","href":"https:\/\/api.w.org\/{rel}","templated":true}]}}