{"id":26684,"date":"2021-12-17T14:24:49","date_gmt":"2021-12-17T17:24:49","guid":{"rendered":"https:\/\/tvc16.com\/portal\/?p=26684"},"modified":"2021-12-17T14:24:52","modified_gmt":"2021-12-17T17:24:52","slug":"camara-aprova-pl-que-regulamenta-profissao-de-executivo-de-futebol","status":"publish","type":"post","link":"https:\/\/tvc16.com\/portal\/2021\/12\/17\/camara-aprova-pl-que-regulamenta-profissao-de-executivo-de-futebol\/","title":{"rendered":"C\u00e2mara aprova PL que regulamenta profiss\u00e3o de executivo de futebol"},"content":{"rendered":"\n<p>O plen\u00e1rio da C\u00e2mara aprovou nesta quinta-feira (16) um projeto de lei que regulamenta a profiss\u00e3o de executivo de futebol e quais as rela\u00e7\u00f5es de trabalho com os clubes. Para se exercer a fun\u00e7\u00e3o, passa a ser exigido curso de forma\u00e7\u00e3o em gest\u00e3o ou de forma\u00e7\u00e3o de executivo. O texto segue para an\u00e1lise do Senado.<img decoding=\"async\" src=\"https:\/\/agenciabrasil.ebc.com.br\/ebc.png?id=1432587&amp;o=node\"><img decoding=\"async\" src=\"https:\/\/agenciabrasil.ebc.com.br\/ebc.gif?id=1432587&amp;o=node\"><\/p>\n\n\n\n<p>O texto permite ao profissional ceder ou explorar seu direito de uso de imagem por meio de contrato de natureza civil, que ter\u00e1 direitos, deveres e condi\u00e7\u00f5es inconfund\u00edveis com o contrato de trabalho.<\/p>\n\n\n\n<p>O executivo de futebol \u00e9 definido, segundo o PL, como profissional de futebol remunerado e com dedica\u00e7\u00e3o exclusiva que ocupe o cargo de diretor, executivo, diretor executivo, superintendente, gerente, supervisor ou coordenador de futebol de departamento profissional ou amador, ou de divis\u00e3o de base.<\/p>\n\n\n\n<p>O curso para exercer a profiss\u00e3o ser\u00e1 oferecido ou reconhecido pelas federa\u00e7\u00f5es e confedera\u00e7\u00e3o e demais entidades da pr\u00e1tica desportiva que comp\u00f5em o Sistema Nacional do Desporto ou por institui\u00e7\u00e3o de ensino superior. Para quem j\u00e1 atua na \u00e1rea h\u00e1, pelo menos, quatro anos, o projeto estabelece um prazo de 36 anos para a conclus\u00e3o de curso de forma\u00e7\u00e3o de executivos, sob pena de ter suspensa sua licen\u00e7a para exercer a atividade. Quem atuar h\u00e1 menos tempo ter\u00e1 o mesmo prazo para concluir a forma\u00e7\u00e3o espec\u00edfica. A exig\u00eancia tamb\u00e9m vale para ex-treinador e ex-atleta profissional.<\/p>\n","protected":false},"excerpt":{"rendered":"<p>O plen\u00e1rio da C\u00e2mara aprovou nesta quinta-feira (16) um projeto de lei que regulamenta a<\/p>\n","protected":false},"author":2,"featured_media":26685,"comment_status":"open","ping_status":"open","sticky":false,"template":"","format":"standard","meta":{"footnotes":""},"categories":[20,17],"tags":[],"class_list":["post-26684","post","type-post","status-publish","format-standard","has-post-thumbnail","hentry","category-esporte","category-outras-noticias"],"_links":{"self":[{"href":"https:\/\/tvc16.com\/portal\/wp-json\/wp\/v2\/posts\/26684","targetHints":{"allow":["GET"]}}],"collection":[{"href":"https:\/\/tvc16.com\/portal\/wp-json\/wp\/v2\/posts"}],"about":[{"href":"https:\/\/tvc16.com\/portal\/wp-json\/wp\/v2\/types\/post"}],"author":[{"embeddable":true,"href":"https:\/\/tvc16.com\/portal\/wp-json\/wp\/v2\/users\/2"}],"replies":[{"embeddable":true,"href":"https:\/\/tvc16.com\/portal\/wp-json\/wp\/v2\/comments?post=26684"}],"version-history":[{"count":1,"href":"https:\/\/tvc16.com\/portal\/wp-json\/wp\/v2\/posts\/26684\/revisions"}],"predecessor-version":[{"id":26686,"href":"https:\/\/tvc16.com\/portal\/wp-json\/wp\/v2\/posts\/26684\/revisions\/26686"}],"wp:featuredmedia":[{"embeddable":true,"href":"https:\/\/tvc16.com\/portal\/wp-json\/wp\/v2\/media\/26685"}],"wp:attachment":[{"href":"https:\/\/tvc16.com\/portal\/wp-json\/wp\/v2\/media?parent=26684"}],"wp:term":[{"taxonomy":"category","embeddable":true,"href":"https:\/\/tvc16.com\/portal\/wp-json\/wp\/v2\/categories?post=26684"},{"taxonomy":"post_tag","embeddable":true,"href":"https:\/\/tvc16.com\/portal\/wp-json\/wp\/v2\/tags?post=26684"}],"curies":[{"name":"wp","href":"https:\/\/api.w.org\/{rel}","templated":true}]}}