{"id":26687,"date":"2021-12-17T14:27:10","date_gmt":"2021-12-17T17:27:10","guid":{"rendered":"https:\/\/tvc16.com\/portal\/?p=26687"},"modified":"2021-12-17T14:27:12","modified_gmt":"2021-12-17T17:27:12","slug":"gripe-h3n2-provocou-cinco-mortes-no-estado-do-rio-neste-ano","status":"publish","type":"post","link":"https:\/\/tvc16.com\/portal\/2021\/12\/17\/gripe-h3n2-provocou-cinco-mortes-no-estado-do-rio-neste-ano\/","title":{"rendered":"Gripe H3N2 provocou cinco mortes no estado do Rio neste ano"},"content":{"rendered":"\n<p>A Influenza A&nbsp;(H3N2) provocou cinco mortes no estado do Rio&nbsp;de Janeiro&nbsp;neste ano. Em 2020 foi apenas uma morte e, em 2019, duas. A informa\u00e7\u00e3o foi divulgada pela Secretaria Estadual de Sa\u00fade do Rio, com base em informa\u00e7\u00f5es da Subsecretaria de Vigil\u00e2ncia e Aten\u00e7\u00e3o Prim\u00e1ria \u00e0 Sa\u00fade.<img decoding=\"async\" src=\"https:\/\/agenciabrasil.ebc.com.br\/ebc.png?id=1432644&amp;o=node\"><img decoding=\"async\" src=\"https:\/\/agenciabrasil.ebc.com.br\/ebc.gif?id=1432644&amp;o=node\"><\/p>\n\n\n\n<p>A capital fluminense tem vivido, nos \u00faltimos dias, uma epidemia de gripe, com mais de 20 mil casos deste subtipo de influenza nas \u00faltimas semanas.<\/p>\n\n\n\n<p>Por isso, a prefeitura intensificou a campanha de vacina\u00e7\u00e3o no munic\u00edpio e abriu centros de tratamento espec\u00edficos para o tratamento da doen\u00e7a.<\/p>\n","protected":false},"excerpt":{"rendered":"<p>A Influenza A&nbsp;(H3N2) provocou cinco mortes no estado do Rio&nbsp;de Janeiro&nbsp;neste ano. Em 2020 foi<\/p>\n","protected":false},"author":2,"featured_media":26688,"comment_status":"open","ping_status":"open","sticky":false,"template":"","format":"standard","meta":{"footnotes":""},"categories":[17,13],"tags":[],"class_list":["post-26687","post","type-post","status-publish","format-standard","has-post-thumbnail","hentry","category-outras-noticias","category-saude"],"_links":{"self":[{"href":"https:\/\/tvc16.com\/portal\/wp-json\/wp\/v2\/posts\/26687","targetHints":{"allow":["GET"]}}],"collection":[{"href":"https:\/\/tvc16.com\/portal\/wp-json\/wp\/v2\/posts"}],"about":[{"href":"https:\/\/tvc16.com\/portal\/wp-json\/wp\/v2\/types\/post"}],"author":[{"embeddable":true,"href":"https:\/\/tvc16.com\/portal\/wp-json\/wp\/v2\/users\/2"}],"replies":[{"embeddable":true,"href":"https:\/\/tvc16.com\/portal\/wp-json\/wp\/v2\/comments?post=26687"}],"version-history":[{"count":1,"href":"https:\/\/tvc16.com\/portal\/wp-json\/wp\/v2\/posts\/26687\/revisions"}],"predecessor-version":[{"id":26689,"href":"https:\/\/tvc16.com\/portal\/wp-json\/wp\/v2\/posts\/26687\/revisions\/26689"}],"wp:featuredmedia":[{"embeddable":true,"href":"https:\/\/tvc16.com\/portal\/wp-json\/wp\/v2\/media\/26688"}],"wp:attachment":[{"href":"https:\/\/tvc16.com\/portal\/wp-json\/wp\/v2\/media?parent=26687"}],"wp:term":[{"taxonomy":"category","embeddable":true,"href":"https:\/\/tvc16.com\/portal\/wp-json\/wp\/v2\/categories?post=26687"},{"taxonomy":"post_tag","embeddable":true,"href":"https:\/\/tvc16.com\/portal\/wp-json\/wp\/v2\/tags?post=26687"}],"curies":[{"name":"wp","href":"https:\/\/api.w.org\/{rel}","templated":true}]}}