{"id":26693,"date":"2021-12-17T14:31:00","date_gmt":"2021-12-17T17:31:00","guid":{"rendered":"https:\/\/tvc16.com\/portal\/?p=26693"},"modified":"2021-12-17T14:31:03","modified_gmt":"2021-12-17T17:31:03","slug":"supremo-mantem-prisao-de-roberto-jefferson","status":"publish","type":"post","link":"https:\/\/tvc16.com\/portal\/2021\/12\/17\/supremo-mantem-prisao-de-roberto-jefferson\/","title":{"rendered":"Supremo mant\u00e9m pris\u00e3o de Roberto Jefferson"},"content":{"rendered":"\n<p>O ministro do Supremo Tribunal Federal (STF) Alexandre de Moraes negou ontem (16) pedido de soltura da defesa de Roberto Jefferson&nbsp;e manteve a pris\u00e3o do ex-deputado. Em sua decis\u00e3o, o ministro julgou ser \u201cnecess\u00e1ria e imprescind\u00edvel \u00e0 garantia da ordem p\u00fablica e \u00e0 instru\u00e7\u00e3o criminal\u201d a manuten\u00e7\u00e3o da pris\u00e3o preventiva de Jefferson.<img decoding=\"async\" src=\"https:\/\/agenciabrasil.ebc.com.br\/ebc.png?id=1432619&amp;o=node\"><img decoding=\"async\" src=\"https:\/\/agenciabrasil.ebc.com.br\/ebc.gif?id=1432619&amp;o=node\"><\/p>\n\n\n\n<p>No come\u00e7o desta semana, a Procuradoria Geral da Rep\u00fablica (PGR) se manifestou favor\u00e1vel \u00e0 manuten\u00e7\u00e3o da pris\u00e3o preventiva do ex-deputado.<\/p>\n\n\n\n<p>No \u00faltimo dia 10, Moraes j\u00e1 havia determinado o afastamento de Jefferson da presid\u00eancia nacional do PTB por 180 dias \u201cpois a documenta\u00e7\u00e3o juntada aos autos indicava a utiliza\u00e7\u00e3o de parte do montante devido ao fundo partid\u00e1rio do PTB para financiar, indevidamente, a dissemina\u00e7\u00e3o de seus ataques \u00e0s institui\u00e7\u00f5es democr\u00e1ticas e \u00e0 pr\u00f3pria democracia por meio de postagens no perfil oficial do partido pol\u00edtico nas redes sociais e em seu perfil pessoal, repita-se, na condi\u00e7\u00e3o de presidente de agremia\u00e7\u00e3o pol\u00edtica\u201d.<\/p>\n\n\n\n<h2 class=\"wp-block-heading\">Pris\u00e3o<\/h2>\n\n\n\n<p>Roberto Jefferson foi preso no dia 13 de agosto em sua resid\u00eancia, no munic\u00edpio Comendador Levy Gasparian, na regi\u00e3o centro-sul do Rio de Janeiro, para cumprir decis\u00e3o do ministro do Supremo Alexandre de Moraes, que atendeu a um pedido da Pol\u00edcia Federal (PF), por suposta participa\u00e7\u00e3o em uma organiza\u00e7\u00e3o criminosa que atuaria para desestabilizar a democracia e divulgar mentiras sobre ministros do STF.<\/p>\n\n\n\n<p>Depois de passar por todos os tr\u00e2mites para entrada no sistema carcer\u00e1rio do Rio, Jefferson foi levado para o pres\u00eddio Bangu 8, no Complexo Penitenci\u00e1rio de Gericin\u00f3. No dia 4 de setembro, o ministro Alexandre de Moraes autorizou a transfer\u00eancia do ex-deputado do pres\u00eddio para o Hospital Samaritano, na Barra da Tijuca.<\/p>\n\n\n\n<p>O ministro manteve a pris\u00e3o preventiva e determinou que Jefferson permanecesse apenas no hospital e fosse monitorado por tornozeleira eletr\u00f4nica. No dia 14 de outubro, recebeu alta e deixou a unidade hospitalar, escoltado pela PF e levado de volta para Gericin\u00f3, onde permanece preso.<\/p>\n","protected":false},"excerpt":{"rendered":"<p>O ministro do Supremo Tribunal Federal (STF) Alexandre de Moraes negou ontem (16) pedido de<\/p>\n","protected":false},"author":2,"featured_media":26694,"comment_status":"open","ping_status":"open","sticky":true,"template":"","format":"standard","meta":{"footnotes":""},"categories":[17,15],"tags":[],"class_list":["post-26693","post","type-post","status-publish","format-standard","has-post-thumbnail","hentry","category-outras-noticias","category-politica"],"_links":{"self":[{"href":"https:\/\/tvc16.com\/portal\/wp-json\/wp\/v2\/posts\/26693","targetHints":{"allow":["GET"]}}],"collection":[{"href":"https:\/\/tvc16.com\/portal\/wp-json\/wp\/v2\/posts"}],"about":[{"href":"https:\/\/tvc16.com\/portal\/wp-json\/wp\/v2\/types\/post"}],"author":[{"embeddable":true,"href":"https:\/\/tvc16.com\/portal\/wp-json\/wp\/v2\/users\/2"}],"replies":[{"embeddable":true,"href":"https:\/\/tvc16.com\/portal\/wp-json\/wp\/v2\/comments?post=26693"}],"version-history":[{"count":1,"href":"https:\/\/tvc16.com\/portal\/wp-json\/wp\/v2\/posts\/26693\/revisions"}],"predecessor-version":[{"id":26695,"href":"https:\/\/tvc16.com\/portal\/wp-json\/wp\/v2\/posts\/26693\/revisions\/26695"}],"wp:featuredmedia":[{"embeddable":true,"href":"https:\/\/tvc16.com\/portal\/wp-json\/wp\/v2\/media\/26694"}],"wp:attachment":[{"href":"https:\/\/tvc16.com\/portal\/wp-json\/wp\/v2\/media?parent=26693"}],"wp:term":[{"taxonomy":"category","embeddable":true,"href":"https:\/\/tvc16.com\/portal\/wp-json\/wp\/v2\/categories?post=26693"},{"taxonomy":"post_tag","embeddable":true,"href":"https:\/\/tvc16.com\/portal\/wp-json\/wp\/v2\/tags?post=26693"}],"curies":[{"name":"wp","href":"https:\/\/api.w.org\/{rel}","templated":true}]}}