{"id":26696,"date":"2021-12-17T14:37:04","date_gmt":"2021-12-17T17:37:04","guid":{"rendered":"https:\/\/tvc16.com\/portal\/?p=26696"},"modified":"2021-12-17T14:37:06","modified_gmt":"2021-12-17T17:37:06","slug":"teresopolis-lanca-programa-municipal-de-castracao-animal-gratuita","status":"publish","type":"post","link":"https:\/\/tvc16.com\/portal\/2021\/12\/17\/teresopolis-lanca-programa-municipal-de-castracao-animal-gratuita\/","title":{"rendered":"Teres\u00f3polis lan\u00e7a programa municipal de castra\u00e7\u00e3o animal gratuita"},"content":{"rendered":"\n<p>Transformar projetos e a\u00e7\u00f5es de interesse da popula\u00e7\u00e3o em pol\u00edticas p\u00fablicas \u00e9 um dos objetivos de qualquer gest\u00e3o municipal. E a causa animal tem ganhando cada vez mais espa\u00e7o dentro do planejamento do munic\u00edpio.&nbsp; Assim, a Coordenadoria de Prote\u00e7\u00e3o e Bem Estar Animal (COPBEA)\/Secretaria Municipal de Meio Ambiente lan\u00e7ou nesta quinta-feira (16) o programa municipal de castra\u00e7\u00e3o gratuita de c\u00e3es e gatos errantes, comunit\u00e1rios, resgatados e de propriet\u00e1rios com perfil de baixa renda no munic\u00edpio.<\/p>\n\n\n\n<p>Ap\u00f3s chamamento p\u00fablico realizado em setembro pela Gest\u00e3o Municipal, e o credenciamento de duas cl\u00ednicas veterin\u00e1rias parceiras em Teres\u00f3polis, a previs\u00e3o \u00e9 que at\u00e9 30 animais de estima\u00e7\u00e3o sejam contemplados ainda neste m\u00eas de dezembro com a castra\u00e7\u00e3o gratuita na cl\u00ednica veterin\u00e1ria Meu Xod\u00f3, na Tijuca. Nesta quinta-feira, foram agendados os primeiros 10 atendimentos. A cl\u00ednica veterin\u00e1ria Cantinho da Bicharada dever\u00e1 iniciar em janeiro as castra\u00e7\u00f5es previamente cadastradas pela COPBEA.<\/p>\n\n\n\n<p>\u201cCom uma raiz social, o programa municipal de castra\u00e7\u00e3o animal atende a uma antiga demanda dos protetores e da popula\u00e7\u00e3o, e \u00e9 muito bem planejado e executado pela COPBEA, \u00f3rg\u00e3o estruturado na nossa gest\u00e3o. Com um investimento inicial de R$ 200 mil e que pretende atender at\u00e9 mil c\u00e3es e gatos em 6 meses, o programa \u00e9 o come\u00e7o de uma pol\u00edtica p\u00fablica eficaz, que preserva a sa\u00fade das fam\u00edlias e d\u00e1 o devido respeito e carinho aos nossos animais de estima\u00e7\u00e3o. Mais recursos e novos projetos est\u00e3o a caminho\u201d, pontuou o Prefeito Vinicius Claussen, que acompanhou os primeiros atendimentos junto com a Primeira-dama Paula Sch\u00fctte Claussen, madrinha da COPBEA e apoiadora da causa animal.<\/p>\n\n\n\n<p>\u201cFoi um processo muito longo, todo pautado na legalidade e que resultou no credenciamento de duas cl\u00ednicas veterin\u00e1rias atrav\u00e9s de chamamento p\u00fablico. Queremos a castra\u00e7\u00e3o em massa de c\u00e3es e gatos, para evitar o abandono. Paralelamente, faremos um trabalho educativo nas escolas e nas comunidades sobre posse respons\u00e1vel. Que outras cl\u00ednicas veterin\u00e1rias participem dos pr\u00f3ximos chamamentos p\u00fablicos para que essa pol\u00edtica p\u00fablica possa evoluir\u201d, destacou a Primeira-Dama Paula Sch\u00fctte Claussen.<\/p>\n\n\n\n<p><strong>Momento hist\u00f3rico<\/strong><\/p>\n\n\n\n<p>Defensora da causa animal h\u00e1 10 anos, Beatriz Os\u00f3rio comemorou o in\u00edcio do programa. \u201cEstou muito emocionada, \u00e9 um momento hist\u00f3rico para a prote\u00e7\u00e3o animal em Teres\u00f3polis. As pol\u00edticas p\u00fablicas t\u00eam que aliar castra\u00e7\u00e3o em massa, campanhas educativas e a cria\u00e7\u00e3o de leis que sejam implantadas e tenham a sua aplica\u00e7\u00e3o fiscalizada para realmente sa\u00edrem do papel\u201d, opinou.<\/p>\n\n\n\n<p>Militante da causa animal, a m\u00e9dica veterin\u00e1ria Cristiane Gon\u00e7alves j\u00e1 fazia um trabalho com taxa diferenciada antes de participar do chamamento p\u00fablico, para atender c\u00e3es e gatos de pessoas com renda reduzida. \u201cEsse programa deveria ter come\u00e7ado h\u00e1 muitos anos, pois a castra\u00e7\u00e3o \u00e9 imprescind\u00edvel para minimizar e, quem sabe, at\u00e9 resolver o problema de abandono. Estou muito feliz por contribuir\u201d, comentou.<\/p>\n\n\n\n<p>Uma das primeiras a ser atendida pelo programa municipal de castra\u00e7\u00e3o animal foi Helisa da Costa Pires, moradora no Meudon, e que levou uma das gatas de estima\u00e7\u00e3o da av\u00f3 para ser castrada. \u201cMuito bom pra quem n\u00e3o tem condi\u00e7\u00e3o de pagar. Ajuda a gente e a sa\u00fade dos animais tamb\u00e9m\u201d, opinou.<\/p>\n\n\n\n<p><strong>Censo animal e atendimentos<\/strong><\/p>\n\n\n\n<p>Desde 2019, funcion\u00e1rios da COPBEA realizam o censo animal atrav\u00e9s de visitas domiciliares para identificar propriet\u00e1rios, verificar as condi\u00e7\u00f5es de sa\u00fade de c\u00e3es e gatos e orientar sobre posse respons\u00e1vel. At\u00e9 o momento, mais de mil animais de estima\u00e7\u00e3o est\u00e3o cadastrados, por\u00e9m a castra\u00e7\u00e3o, que vai acontecer todo m\u00eas, obedecer\u00e1 a crit\u00e9rios de prioridade. At\u00e9 o momento, o censo j\u00e1 aconteceu nos bairros Meudon, Jardim Meudon, Parque Ermitage, Imbi\u00fa, Fonte Santa, Tijuca, Quinta Lebr\u00e3o Coreia, Bom Retiro, Vale da Revolta, Ros\u00e1rio, Alto, S\u00e3o Pedro, Fischer, Barroso, Granja Guarani e Santa Cec\u00edlia.<\/p>\n\n\n\n<p>\u201cNo momento, damos prioridade \u00e0s cadelas e gatas de fam\u00edlias com perfil do programa Bolsa Fam\u00edlia j\u00e1 identificadas pelo censo animal. Elas s\u00e3o contatadas para comprovar se atendem aos crit\u00e9rios do programa e, em caso positivo, as castra\u00e7\u00f5es s\u00e3o agendadas. Pedimos aos protetores da causa animal que conhe\u00e7am col\u00f4nias de felinos que fa\u00e7am contato com a COPBEA para providenciarmos as castra\u00e7\u00f5es, j\u00e1 que as gatas podem entrar no cio v\u00e1rias vezes por ano, com risco de ter diversas ninhadas\u201d, orientou Jackson Muci, coordenador da Coordenadoria de Prote\u00e7\u00e3o e Bem-estar Animal. &nbsp;<\/p>\n\n\n\n<p>Contatos com a COPBEA podem ser feitas por meio da Ouvidoria Geral do Munic\u00edpio pelos telefones 162 e (21) 2742-5074, pelo whatsapp (21) 98126-4038, pelo e-mail&nbsp;<a href=\"mailto:ouvidoria@teresopolis.rj.gov.br\">ouvidoria@teresopolis.rj.gov.br<\/a>&nbsp;e tamb\u00e9m pelo aplicativo e-Ouve. Todos ser\u00e3o encaminhadas \u00e0 Coordenadoria de Prote\u00e7\u00e3o e Bem-estar Animal.<\/p>\n","protected":false},"excerpt":{"rendered":"<p>Transformar projetos e a\u00e7\u00f5es de interesse da popula\u00e7\u00e3o em pol\u00edticas p\u00fablicas \u00e9 um dos objetivos<\/p>\n","protected":false},"author":2,"featured_media":26697,"comment_status":"open","ping_status":"open","sticky":false,"template":"","format":"standard","meta":{"footnotes":""},"categories":[17],"tags":[],"class_list":["post-26696","post","type-post","status-publish","format-standard","has-post-thumbnail","hentry","category-outras-noticias"],"_links":{"self":[{"href":"https:\/\/tvc16.com\/portal\/wp-json\/wp\/v2\/posts\/26696","targetHints":{"allow":["GET"]}}],"collection":[{"href":"https:\/\/tvc16.com\/portal\/wp-json\/wp\/v2\/posts"}],"about":[{"href":"https:\/\/tvc16.com\/portal\/wp-json\/wp\/v2\/types\/post"}],"author":[{"embeddable":true,"href":"https:\/\/tvc16.com\/portal\/wp-json\/wp\/v2\/users\/2"}],"replies":[{"embeddable":true,"href":"https:\/\/tvc16.com\/portal\/wp-json\/wp\/v2\/comments?post=26696"}],"version-history":[{"count":1,"href":"https:\/\/tvc16.com\/portal\/wp-json\/wp\/v2\/posts\/26696\/revisions"}],"predecessor-version":[{"id":26698,"href":"https:\/\/tvc16.com\/portal\/wp-json\/wp\/v2\/posts\/26696\/revisions\/26698"}],"wp:featuredmedia":[{"embeddable":true,"href":"https:\/\/tvc16.com\/portal\/wp-json\/wp\/v2\/media\/26697"}],"wp:attachment":[{"href":"https:\/\/tvc16.com\/portal\/wp-json\/wp\/v2\/media?parent=26696"}],"wp:term":[{"taxonomy":"category","embeddable":true,"href":"https:\/\/tvc16.com\/portal\/wp-json\/wp\/v2\/categories?post=26696"},{"taxonomy":"post_tag","embeddable":true,"href":"https:\/\/tvc16.com\/portal\/wp-json\/wp\/v2\/tags?post=26696"}],"curies":[{"name":"wp","href":"https:\/\/api.w.org\/{rel}","templated":true}]}}