{"id":26699,"date":"2021-12-18T07:00:00","date_gmt":"2021-12-18T10:00:00","guid":{"rendered":"https:\/\/tvc16.com\/portal\/?p=26699"},"modified":"2021-12-17T14:43:45","modified_gmt":"2021-12-17T17:43:45","slug":"teresopolis-terra-de-luz-2021-programacao-dos-proximos-dias-do-natal-do-reencontro-tera-teatro-festival-de-danca-e-concertos","status":"publish","type":"post","link":"https:\/\/tvc16.com\/portal\/2021\/12\/18\/teresopolis-terra-de-luz-2021-programacao-dos-proximos-dias-do-natal-do-reencontro-tera-teatro-festival-de-danca-e-concertos\/","title":{"rendered":"Teres\u00f3polis Terra de Luz 2021: Programa\u00e7\u00e3o dos pr\u00f3ximos dias do \u2018Natal do Reencontro\u2019 ter\u00e1 teatro, festival de dan\u00e7a e concertos"},"content":{"rendered":"\n<p>Com o tema \u2018O Natal do Reencontro\u2019, a programa\u00e7\u00e3o do projeto Teres\u00f3polis Terra de Luz \u2013Natal 2021 segue, nos pr\u00f3ximos dias no munic\u00edpio. A pe\u00e7a teatral \u2018F\u00e1brica de Brinquedos do Papai Noel\u2019, no Caminh\u00e3o Palco Itinerante da Cultura, ser\u00e1 encenada, no s\u00e1bado, 18, na Fazenda Ermitage, e no domingo, 19, na Pra\u00e7a do Tiro de Guerra, em S\u00e3o Pedro. Na Pra\u00e7a Ol\u00edmpica, no centro, o p\u00fablico poder\u00e1 assistir concertos natalinos e apresenta\u00e7\u00f5es do 3\u00ba Festival Ter\u00ea em Dan\u00e7a.<\/p>\n\n\n\n<p>Decora\u00e7\u00e3o tem\u00e1tica, concertos, teatro, dan\u00e7a e festival gastron\u00f4mico s\u00e3o algumas das atra\u00e7\u00f5es que movimentam a cidade at\u00e9 o dia 9 de janeiro. O tema \u2018O Natal do Reencontro\u2019 \u00e9 uma refer\u00eancia \u00e0 retomada da celebra\u00e7\u00e3o das festas de fim de ano de maneira presencial, o que est\u00e1 sendo poss\u00edvel com o avan\u00e7o da vacina\u00e7\u00e3o da popula\u00e7\u00e3o. Mas, sem esquecer cuidados b\u00e1sicos, como o uso de m\u00e1scara, higieniza\u00e7\u00e3o das m\u00e3os e distanciamento.<\/p>\n\n\n\n<p>A \u2018Teres\u00f3polis Artes Manuais\u2019 ter\u00e1 edi\u00e7\u00e3o especial de Natal nesta sexta, 17, s\u00e1bado, 18, e domingo, 19, das 9h \u00e0s 16h, no Centro de Informa\u00e7\u00f5es Tur\u00edsticas, no Soberbo.<\/p>\n\n\n\n<p>Programa\u00e7\u00e3o<\/p>\n\n\n\n<p>S\u00e1bado \u2013 18\/12<\/p>\n\n\n\n<p>Fazenda Ermitage \u2013 14h<\/p>\n\n\n\n<p>Caminh\u00e3o Palco Itinerante da Cultura<\/p>\n\n\n\n<p>F\u00e1brica de Brinquedos do Papai Noel<\/p>\n\n\n\n<p>Pra\u00e7a Ol\u00edmpica Lu\u00eds de Cam\u00f5es<\/p>\n\n\n\n<p>Palco Natal do Reencontro<\/p>\n\n\n\n<p>19h \u2013 Coro Ellos (Igreja Batista Memorial de Teres\u00f3polis)<\/p>\n\n\n\n<p>20h30 \u2013 Grupo de Dan\u00e7a Leakah Bem Davi (Igreja Filad\u00e9lfia)<\/p>\n\n\n\n<p>Domingo \u2013 19\/12<\/p>\n\n\n\n<p>Pra\u00e7a dos Expedicion\u00e1rios (Tiro de Guerra), S\u00e3o Pedro \u2013 14h<\/p>\n\n\n\n<p>Caminh\u00e3o Palco Itinerante da Cultura<\/p>\n\n\n\n<p>F\u00e1brica de Brinquedos do Papai Noel<\/p>\n\n\n\n<p>Pra\u00e7a Ol\u00edmpica Lu\u00eds de Cam\u00f5es<\/p>\n\n\n\n<p>Palco Natal do Reencontro<\/p>\n\n\n\n<p>15h \u2013 Concerto Escola M. de M\u00fasica Villa-Lobos<\/p>\n\n\n\n<p>16h \u2013 Gr\u00eamio Musical Paquequer<\/p>\n\n\n\n<p>17h \u2013 Coral Feso Pro Arte<\/p>\n\n\n\n<p>17h30 \u2013 OFPA \u2013 Orquestra Feso Pro Arte<\/p>\n\n\n\n<p>Segunda-feira \u2013 20\/12<\/p>\n\n\n\n<p>Pra\u00e7a Ol\u00edmpica Lu\u00eds de Cam\u00f5es<\/p>\n\n\n\n<p>Palco Natal do Reencontro<\/p>\n\n\n\n<p>20h \u2013 Coral da Igreja Jesus Cristo dos Santos dos \u00daltimos Dias<\/p>\n\n\n\n<p>21h \u2013 Concerto de Natal com Oziel Silva e sexteto de Jazz<\/p>\n\n\n\n<p>Ter\u00e7a-feira \u2013 21\/12<\/p>\n\n\n\n<p>Pra\u00e7a Ol\u00edmpica Lu\u00eds de Cam\u00f5es<\/p>\n\n\n\n<p>Palco Natal do Reencontro<\/p>\n\n\n\n<p>3\u00ba Festival Ter\u00ea em Dan\u00e7a<\/p>\n\n\n\n<p>19h \u2013 Dias de Dan\u00e7a\/Dan\u00e7arte\/Elaine Mello CDA \/ Interurbanus<\/p>\n\n\n\n<p>Quarta-feira \u2013 22\/12<\/p>\n\n\n\n<p>Pra\u00e7a Ol\u00edmpica Lu\u00eds de Cam\u00f5es<\/p>\n\n\n\n<p>Palco Natal do Reencontro<\/p>\n\n\n\n<p>3\u00ba Festival Ter\u00ea em Dan\u00e7a<\/p>\n\n\n\n<p>19h \u2013 Bal\u00e9 Casa de Cultura Adolpho Bloch\/Interurbanus\/ N\u00facleo de Dan\u00e7a\/Elaine Mello\/Studio Rafaela Ribeiro\/Carolina Falak\/ Cia Dan\u00e7a Allegro\/Dias de Dan\u00e7a<\/p>\n","protected":false},"excerpt":{"rendered":"<p>Com o tema \u2018O Natal do Reencontro\u2019, a programa\u00e7\u00e3o do projeto Teres\u00f3polis Terra de Luz<\/p>\n","protected":false},"author":2,"featured_media":26700,"comment_status":"open","ping_status":"open","sticky":false,"template":"","format":"standard","meta":{"footnotes":""},"categories":[17],"tags":[],"class_list":["post-26699","post","type-post","status-publish","format-standard","has-post-thumbnail","hentry","category-outras-noticias"],"_links":{"self":[{"href":"https:\/\/tvc16.com\/portal\/wp-json\/wp\/v2\/posts\/26699","targetHints":{"allow":["GET"]}}],"collection":[{"href":"https:\/\/tvc16.com\/portal\/wp-json\/wp\/v2\/posts"}],"about":[{"href":"https:\/\/tvc16.com\/portal\/wp-json\/wp\/v2\/types\/post"}],"author":[{"embeddable":true,"href":"https:\/\/tvc16.com\/portal\/wp-json\/wp\/v2\/users\/2"}],"replies":[{"embeddable":true,"href":"https:\/\/tvc16.com\/portal\/wp-json\/wp\/v2\/comments?post=26699"}],"version-history":[{"count":1,"href":"https:\/\/tvc16.com\/portal\/wp-json\/wp\/v2\/posts\/26699\/revisions"}],"predecessor-version":[{"id":26701,"href":"https:\/\/tvc16.com\/portal\/wp-json\/wp\/v2\/posts\/26699\/revisions\/26701"}],"wp:featuredmedia":[{"embeddable":true,"href":"https:\/\/tvc16.com\/portal\/wp-json\/wp\/v2\/media\/26700"}],"wp:attachment":[{"href":"https:\/\/tvc16.com\/portal\/wp-json\/wp\/v2\/media?parent=26699"}],"wp:term":[{"taxonomy":"category","embeddable":true,"href":"https:\/\/tvc16.com\/portal\/wp-json\/wp\/v2\/categories?post=26699"},{"taxonomy":"post_tag","embeddable":true,"href":"https:\/\/tvc16.com\/portal\/wp-json\/wp\/v2\/tags?post=26699"}],"curies":[{"name":"wp","href":"https:\/\/api.w.org\/{rel}","templated":true}]}}