{"id":26710,"date":"2021-12-17T15:15:05","date_gmt":"2021-12-17T18:15:05","guid":{"rendered":"https:\/\/tvc16.com\/portal\/?p=26710"},"modified":"2021-12-17T15:15:07","modified_gmt":"2021-12-17T18:15:07","slug":"chuva-defesa-civil-emite-aviso-de-chuva-moderada-a-forte-e-aciona-sirenes-do-primeiro-distrito","status":"publish","type":"post","link":"https:\/\/tvc16.com\/portal\/2021\/12\/17\/chuva-defesa-civil-emite-aviso-de-chuva-moderada-a-forte-e-aciona-sirenes-do-primeiro-distrito\/","title":{"rendered":"Chuva: Defesa Civil emite aviso de chuva moderada a forte e aciona sirenes do primeiro distrito"},"content":{"rendered":"\n<p>Com a previs\u00e3o de chuva de intensidade moderada a forte, que se mant\u00e9m principalmente para o primeiro distrito, a Secretaria de Defesa Civil e A\u00e7\u00f5es Volunt\u00e1rias acionou todas as 18 sirenes no in\u00edcio da tarde desta sexta-feira (17). A sinaliza\u00e7\u00e3o visa chamar a aten\u00e7\u00e3o dos moradores das regi\u00f5es da 24 de Maio, Alto da Serra, Bingen, Dr.Thouzet, Independ\u00eancia, Quitandinha, S\u00e3o Sebasti\u00e3o, Sargento Boening, Sim\u00e9ria e Vila Felipe. Para os per\u00edodos da tarde e noite h\u00e1 possibilidade de que pancadas de chuva voltem a atingir o munic\u00edpio. A Defesa Civil orienta a popula\u00e7\u00e3o que fique atenta aos alertas que podem ser emitidos e liguem para o 199, a qualquer sinal de instabilidade.<\/p>\n\n\n\n<p>Desde a \u00faltima quinta-feira (16), a Defesa Civil estabeleceu para o munic\u00edpio Est\u00e1gio Operacional de Aten\u00e7\u00e3o, que se mant\u00e9m para hoje, tendo em vista a aproxima\u00e7\u00e3o de n\u00facleos de chuva intensa, com a possibilidade de descargas el\u00e9tricas e rajadas de vento forte. Com a previs\u00e3o de instabilidade no tempo, as equipes operacionais foram refor\u00e7adas para o atendimento de poss\u00edveis ocorr\u00eancias. J\u00e1 na manh\u00e3 de hoje (18), houve chamados por conta de um deslizamento que afetou duas resid\u00eancias em Corr\u00eaas, no Castelo S\u00e3o Manuel e um buraco em via, no Retiro.<\/p>\n\n\n\n<p>\u201cAs equipes est\u00e3o de sobreaviso para o atendimento de poss\u00edveis ocorr\u00eancias que podem ser registradas at\u00e9 o fim do dia. Pedimos que a popula\u00e7\u00e3o preserve suas vidas e nos acione ao sinal de qualquer sinal de poss\u00edveis riscos nas regi\u00f5es onde residem\u201d, destacou o secret\u00e1rio de Defesa Civil, o Tenente Coronel Gil Kempers.<\/p>\n\n\n\n<p>Para o s\u00e1bado (18), o c\u00e9u continua nublado, com previs\u00e3o de chuva fraca de forma isolada, podendo ser localmente moderada nos per\u00edodos da tarde e noite. Para o domingo, o esperado \u00e9 que o tempo volte a melhorar.<\/p>\n","protected":false},"excerpt":{"rendered":"<p>Com a previs\u00e3o de chuva de intensidade moderada a forte, que se mant\u00e9m principalmente para<\/p>\n","protected":false},"author":2,"featured_media":26711,"comment_status":"open","ping_status":"open","sticky":false,"template":"","format":"standard","meta":{"footnotes":""},"categories":[12],"tags":[],"class_list":["post-26710","post","type-post","status-publish","format-standard","has-post-thumbnail","hentry","category-cidade"],"_links":{"self":[{"href":"https:\/\/tvc16.com\/portal\/wp-json\/wp\/v2\/posts\/26710","targetHints":{"allow":["GET"]}}],"collection":[{"href":"https:\/\/tvc16.com\/portal\/wp-json\/wp\/v2\/posts"}],"about":[{"href":"https:\/\/tvc16.com\/portal\/wp-json\/wp\/v2\/types\/post"}],"author":[{"embeddable":true,"href":"https:\/\/tvc16.com\/portal\/wp-json\/wp\/v2\/users\/2"}],"replies":[{"embeddable":true,"href":"https:\/\/tvc16.com\/portal\/wp-json\/wp\/v2\/comments?post=26710"}],"version-history":[{"count":1,"href":"https:\/\/tvc16.com\/portal\/wp-json\/wp\/v2\/posts\/26710\/revisions"}],"predecessor-version":[{"id":26712,"href":"https:\/\/tvc16.com\/portal\/wp-json\/wp\/v2\/posts\/26710\/revisions\/26712"}],"wp:featuredmedia":[{"embeddable":true,"href":"https:\/\/tvc16.com\/portal\/wp-json\/wp\/v2\/media\/26711"}],"wp:attachment":[{"href":"https:\/\/tvc16.com\/portal\/wp-json\/wp\/v2\/media?parent=26710"}],"wp:term":[{"taxonomy":"category","embeddable":true,"href":"https:\/\/tvc16.com\/portal\/wp-json\/wp\/v2\/categories?post=26710"},{"taxonomy":"post_tag","embeddable":true,"href":"https:\/\/tvc16.com\/portal\/wp-json\/wp\/v2\/tags?post=26710"}],"curies":[{"name":"wp","href":"https:\/\/api.w.org\/{rel}","templated":true}]}}