{"id":26720,"date":"2021-12-17T16:15:10","date_gmt":"2021-12-17T19:15:10","guid":{"rendered":"https:\/\/tvc16.com\/portal\/?p=26720"},"modified":"2021-12-17T16:15:12","modified_gmt":"2021-12-17T19:15:12","slug":"ministro-edson-fachin-e-eleito-proximo-presidente-do-tse","status":"publish","type":"post","link":"https:\/\/tvc16.com\/portal\/2021\/12\/17\/ministro-edson-fachin-e-eleito-proximo-presidente-do-tse\/","title":{"rendered":"Ministro Edson Fachin \u00e9 eleito pr\u00f3ximo presidente do TSE"},"content":{"rendered":"\n<p>O ministro Edson Fachin foi eleito hoje (17) o pr\u00f3ximo presidente do Tribunal Superior Eleitoral (TSE). Ele assumir\u00e1 o cargo em 28 de fevereiro. O ministro Alexandre de Moraes ser\u00e1 o vice-presidente.<img decoding=\"async\" src=\"https:\/\/agenciabrasil.ebc.com.br\/ebc.png?id=1432682&amp;o=node\"><img decoding=\"async\" src=\"https:\/\/agenciabrasil.ebc.com.br\/ebc.gif?id=1432682&amp;o=node\"><\/p>\n\n\n\n<p>A elei\u00e7\u00e3o costuma ser protocolar, sendo a praxe que os ministros do Supremo Tribunal Federal (STF) que atuam no TSE se revezem na presid\u00eancia da Corte Eleitoral. Fachin substituir\u00e1 o ministro Lu\u00eds Roberto Barroso.<\/p>\n\n\n\n<p>Fachin deve ficar no cargo at\u00e9 agosto, quando se encerra a sua passagem de dois anos como ministro do TSE. O ministro Alexandre de Moraes assumir\u00e1, ent\u00e3o, o cargo e dever\u00e1 estar no comando da Justi\u00e7a Eleitoral durante as elei\u00e7\u00f5es gerais de 2022 e permanecer\u00e1 no cargo at\u00e9 junho de 2024.<\/p>\n\n\n\n<p>A elei\u00e7\u00e3o simb\u00f3lica foi realizada durante a sess\u00e3o de encerramento do ano judici\u00e1rio no TSE, e os ministros votaram em uma urna eletr\u00f4nica instalada no plen\u00e1rio do tribunal. Foram 6 votos a 1. \u00c9 tradi\u00e7\u00e3o que o pr\u00f3ximo ocupante da presid\u00eancia vote no vice.<\/p>\n\n\n\n<p>O TSE \u00e9 composto por sete ministros titulares \u2013 tr\u00eas oriundos do STF, dois do Superior Tribunal de Justi\u00e7a (STJ) e dois advogados com not\u00f3rio saber jur\u00eddico indicados pelo presidente da Rep\u00fablica, a partir de lista tr\u00edplice encaminhada pelo Supremo.<\/p>\n\n\n\n<h2 class=\"wp-block-heading\">\u201cP\u00e1gina virada&#8221;<\/h2>\n\n\n\n<p>Antes de encerrar o ano no TSE, o atual presidente, ministro Lu\u00eds Roberto Barroso, fez um balan\u00e7o da atua\u00e7\u00e3o do tribunal ao longo do ano, dando \u00eanfase \u00e0 resist\u00eancia ante ataques sofridos pela Justi\u00e7a Eleitoral.<\/p>\n\n\n\n<p>Sem citar epis\u00f3dios espec\u00edficos, Barroso afirmou que \u201ca Justi\u00e7a Eleitoral particularmente sofreu ataques repetidos, com acusa\u00e7\u00f5es falsas de fraude e ofensas a seus integrantes, num esfor\u00e7o sub-rept\u00edcio de trazer descr\u00e9dito para a democracia. Uma absurda campanha que pregava a volta ao voto impresso com contagem p\u00fablica manual. De novo, uma aposta no atraso\u201d.<\/p>\n\n\n\n<p>O presidente do TSE elogiou a rejei\u00e7\u00e3o da proposta de impress\u00e3o do voto pelo Congresso Nacional. \u201cEu espero que essa seja uma p\u00e1gina virada na hist\u00f3ria eleitoral brasileira, e que n\u00e3o haja novos esfor\u00e7os para descredibilizar o sistema que tem assegurado a integridade da democracia brasileira desde 1996\u201d, disse Barroso.<\/p>\n","protected":false},"excerpt":{"rendered":"<p>O ministro Edson Fachin foi eleito hoje (17) o pr\u00f3ximo presidente do Tribunal Superior Eleitoral<\/p>\n","protected":false},"author":2,"featured_media":26721,"comment_status":"open","ping_status":"open","sticky":false,"template":"","format":"standard","meta":{"footnotes":""},"categories":[17,15],"tags":[],"class_list":["post-26720","post","type-post","status-publish","format-standard","has-post-thumbnail","hentry","category-outras-noticias","category-politica"],"_links":{"self":[{"href":"https:\/\/tvc16.com\/portal\/wp-json\/wp\/v2\/posts\/26720","targetHints":{"allow":["GET"]}}],"collection":[{"href":"https:\/\/tvc16.com\/portal\/wp-json\/wp\/v2\/posts"}],"about":[{"href":"https:\/\/tvc16.com\/portal\/wp-json\/wp\/v2\/types\/post"}],"author":[{"embeddable":true,"href":"https:\/\/tvc16.com\/portal\/wp-json\/wp\/v2\/users\/2"}],"replies":[{"embeddable":true,"href":"https:\/\/tvc16.com\/portal\/wp-json\/wp\/v2\/comments?post=26720"}],"version-history":[{"count":1,"href":"https:\/\/tvc16.com\/portal\/wp-json\/wp\/v2\/posts\/26720\/revisions"}],"predecessor-version":[{"id":26722,"href":"https:\/\/tvc16.com\/portal\/wp-json\/wp\/v2\/posts\/26720\/revisions\/26722"}],"wp:featuredmedia":[{"embeddable":true,"href":"https:\/\/tvc16.com\/portal\/wp-json\/wp\/v2\/media\/26721"}],"wp:attachment":[{"href":"https:\/\/tvc16.com\/portal\/wp-json\/wp\/v2\/media?parent=26720"}],"wp:term":[{"taxonomy":"category","embeddable":true,"href":"https:\/\/tvc16.com\/portal\/wp-json\/wp\/v2\/categories?post=26720"},{"taxonomy":"post_tag","embeddable":true,"href":"https:\/\/tvc16.com\/portal\/wp-json\/wp\/v2\/tags?post=26720"}],"curies":[{"name":"wp","href":"https:\/\/api.w.org\/{rel}","templated":true}]}}