{"id":2673,"date":"2020-10-14T14:33:00","date_gmt":"2020-10-14T14:33:00","guid":{"rendered":"https:\/\/tvc16.com\/portal\/?p=2673"},"modified":"2020-10-14T14:33:00","modified_gmt":"2020-10-14T14:33:00","slug":"cabos-de-telefonia-sao-furtados-no-valparaiso","status":"publish","type":"post","link":"https:\/\/tvc16.com\/portal\/2020\/10\/14\/cabos-de-telefonia-sao-furtados-no-valparaiso\/","title":{"rendered":"Cabos de telefonia s\u00e3o furtados no Valpara\u00edso"},"content":{"rendered":"\n<p>Tr\u00eas homens de 28, 32 e 51 anos e um menor de 17 foram flagrados pela Pol\u00edcia Militar, na madrugada de hoje (14) furtando cabos de telefonia na Avenida Portugal, no Valpara\u00edso. Os agentes faziam um patrulhamento de rotina quando notaram a atitude suspeita do grupo. Assim que viram os PMs os suspeitos tentaram fugir em uma Kombi, mas foram impedidos.<\/p>\n\n\n\n<p>Al\u00e9m de uma grande quantidade de cabos os PMs tamb\u00e9m apreenderam com os acusados, um alicate de cortar ferro. Todos foram encaminhados para a 105\u00aa Delegacia de Pol\u00edcia, no Retiro, onde foram autuados por furto qualificado e corrup\u00e7\u00e3o de menores e permaneceram presos. J\u00e1 o adolescente foi autuado em fato an\u00e1logo por furto qualificado e ficou apreendido.<\/p>\n","protected":false},"excerpt":{"rendered":"<p>Tr\u00eas homens de 28, 32 e 51 anos e um menor de 17 foram flagrados<\/p>\n","protected":false},"author":2,"featured_media":2674,"comment_status":"open","ping_status":"open","sticky":false,"template":"","format":"standard","meta":{"footnotes":""},"categories":[12],"tags":[],"class_list":["post-2673","post","type-post","status-publish","format-standard","has-post-thumbnail","hentry","category-cidade"],"_links":{"self":[{"href":"https:\/\/tvc16.com\/portal\/wp-json\/wp\/v2\/posts\/2673","targetHints":{"allow":["GET"]}}],"collection":[{"href":"https:\/\/tvc16.com\/portal\/wp-json\/wp\/v2\/posts"}],"about":[{"href":"https:\/\/tvc16.com\/portal\/wp-json\/wp\/v2\/types\/post"}],"author":[{"embeddable":true,"href":"https:\/\/tvc16.com\/portal\/wp-json\/wp\/v2\/users\/2"}],"replies":[{"embeddable":true,"href":"https:\/\/tvc16.com\/portal\/wp-json\/wp\/v2\/comments?post=2673"}],"version-history":[{"count":1,"href":"https:\/\/tvc16.com\/portal\/wp-json\/wp\/v2\/posts\/2673\/revisions"}],"predecessor-version":[{"id":2675,"href":"https:\/\/tvc16.com\/portal\/wp-json\/wp\/v2\/posts\/2673\/revisions\/2675"}],"wp:featuredmedia":[{"embeddable":true,"href":"https:\/\/tvc16.com\/portal\/wp-json\/wp\/v2\/media\/2674"}],"wp:attachment":[{"href":"https:\/\/tvc16.com\/portal\/wp-json\/wp\/v2\/media?parent=2673"}],"wp:term":[{"taxonomy":"category","embeddable":true,"href":"https:\/\/tvc16.com\/portal\/wp-json\/wp\/v2\/categories?post=2673"},{"taxonomy":"post_tag","embeddable":true,"href":"https:\/\/tvc16.com\/portal\/wp-json\/wp\/v2\/tags?post=2673"}],"curies":[{"name":"wp","href":"https:\/\/api.w.org\/{rel}","templated":true}]}}