{"id":26732,"date":"2021-12-18T07:00:00","date_gmt":"2021-12-18T10:00:00","guid":{"rendered":"https:\/\/tvc16.com\/portal\/?p=26732"},"modified":"2021-12-17T16:46:53","modified_gmt":"2021-12-17T19:46:53","slug":"presidente-aprova-mistura-de-10-de-biodiesel-no-oleo-diesel","status":"publish","type":"post","link":"https:\/\/tvc16.com\/portal\/2021\/12\/18\/presidente-aprova-mistura-de-10-de-biodiesel-no-oleo-diesel\/","title":{"rendered":"Presidente aprova mistura de 10% de biodiesel no \u00f3leo diesel"},"content":{"rendered":"\n<p>O presidente Jair Bolsonaro aprovou resolu\u00e7\u00e3o do Conselho Nacional de Pol\u00edtica Energ\u00e9tica (CNPE) que estabelece o teor de mistura obrigat\u00f3ria do biodiesel no \u00f3leo diesel f\u00f3ssil em 10% para o ano de 2022.\u00a0A decis\u00e3o\u00a0foi tomada pelo CNPE em 29 de novembro e a aprova\u00e7\u00e3o presidencial publicada hoje (17) no\u00a0Di\u00e1rio Oficial da Uni\u00e3o.<img decoding=\"async\" src=\"https:\/\/agenciabrasil.ebc.com.br\/ebc.png?id=1432687&amp;o=node\"><img decoding=\"async\" src=\"https:\/\/agenciabrasil.ebc.com.br\/ebc.gif?id=1432687&amp;o=node\"><\/p>\n\n\n\n<p>De acordo com o Minist\u00e9rio de Minas e Energia (MME), que preside o conselho, a decis\u00e3o visa proteger os interesses do consumidor quanto ao pre\u00e7o, qualidade e oferta dos produtos.<\/p>\n\n\n\n<p>A estimativa do governo \u00e9 que o percentual de adi\u00e7\u00e3o obrigat\u00f3rio de biodiesel ao \u00f3leo diesel deve evitar, em m\u00e9dia, uma eleva\u00e7\u00e3o de pre\u00e7os de R$ 0,12 no ano que vem, em um cen\u00e1rio de aumento das commodities, como a soja, no mercado brasileiro e internacional, e de desvaloriza\u00e7\u00e3o cambial. A soja \u00e9 a principal mat\u00e9ria-prima do biodiesel brasileiro, com cerca de 71% na composi\u00e7\u00e3o. O restante \u00e9 oriundo de sebo bovino e outros \u00f3leos.<\/p>\n\n\n\n<p>Segundo o MME, pela legisla\u00e7\u00e3o, o CNPE pode aumentar esse teor at\u00e9 15% ou reduzi-lo at\u00e9 6%, motivado pelo interesse p\u00fablico. Em outubro,\u00a0o colegiado j\u00e1 havia reduzido o percentual de 13% para 10%, diante das eleva\u00e7\u00f5es de pre\u00e7os no mercado de combust\u00edveis.<\/p>\n\n\n\n<p>Em comunicado divulgado no in\u00edcio do m\u00eas, o MME explicou que o biodiesel manteve pre\u00e7os m\u00e9dios, ao longo de 2021, equivalentes ao dobro do pre\u00e7o do diesel A, proveniente exclusivamente do petr\u00f3leo.<\/p>\n\n\n\n<p>\u201cTal diferen\u00e7a de pre\u00e7os, quando aliada a altos percentuais de biodiesel na mistura, tem forte potencial de impacto na economia do pa\u00eds, dada a relev\u00e2ncia do modal rodovi\u00e1rio, com reflexos diretos no aumento da infla\u00e7\u00e3o [de pre\u00e7os de fretes e dos produtos transportados]\u201d, diz o MME.<\/p>\n\n\n\n<p>\u201cAdemais, com base nas melhores informa\u00e7\u00f5es dispon\u00edveis, mesmo que haja uma supersafra mundial de soja, n\u00e3o h\u00e1 expectativa de queda significativa do pre\u00e7o da&nbsp;<em>commodity<\/em>&nbsp;no mercado internacional, a ponto de alterar o elevado patamar de pre\u00e7o do biodiesel\u201d, completou a pasta.<\/p>\n\n\n\n<p>A decis\u00e3o, segundo o CNPE, concilia medidas para a conten\u00e7\u00e3o do pre\u00e7o do diesel, mas n\u00e3o compromete a manuten\u00e7\u00e3o da&nbsp;<a href=\"http:\/\/www.planalto.gov.br\/ccivil_03\/_ato2015-2018\/2017\/lei\/l13576.htm\" target=\"_blank\" rel=\"noreferrer noopener\">Pol\u00edtica Nacional dos Biocombust\u00edveis (RenovaBio)<\/a>. Em vigor desde 2017, a pol\u00edtica trata da expans\u00e3o, de forma sustent\u00e1vel, da produ\u00e7\u00e3o e uso do biodiesel, visando ao desenvolvimento regional, \u00e0 inclus\u00e3o social de pequenos produtores e \u00e0 redu\u00e7\u00e3o de emiss\u00e3o de gases causadores do efeito estufa.<\/p>\n\n\n\n<p>A partir de 1\u00ba de janeiro, tamb\u00e9m ter\u00e1 in\u00edcio o novo modelo de comercializa\u00e7\u00e3o de biodiesel, com a possibilidade de contrata\u00e7\u00e3o direta entre o produtor do insumo e o distribuidor de combust\u00edveis. O modelo foi definido pela Ag\u00eancia Nacional do Petr\u00f3leo, G\u00e1s Natural e Biocombust\u00edveis (ANP) em substitui\u00e7\u00e3o aos leil\u00f5es p\u00fablicos e visa reduzir os pre\u00e7os na cadeia at\u00e9 o consumidor final.<\/p>\n\n\n\n<p>\u201cO mercado continuar\u00e1 sendo monitorado permanentemente pelo CNPE e, se necess\u00e1rio, medidas tempestivas poder\u00e3o ser adotadas, a fim de resguardar a Pol\u00edtica Energ\u00e9tica Nacional e a Pol\u00edtica Nacional dos Biocombust\u00edveis\u201d, destacou o MME.<\/p>\n","protected":false},"excerpt":{"rendered":"<p>O presidente Jair Bolsonaro aprovou resolu\u00e7\u00e3o do Conselho Nacional de Pol\u00edtica Energ\u00e9tica (CNPE) que estabelece<\/p>\n","protected":false},"author":2,"featured_media":26733,"comment_status":"open","ping_status":"open","sticky":false,"template":"","format":"standard","meta":{"footnotes":""},"categories":[18,17],"tags":[],"class_list":["post-26732","post","type-post","status-publish","format-standard","has-post-thumbnail","hentry","category-economia","category-outras-noticias"],"_links":{"self":[{"href":"https:\/\/tvc16.com\/portal\/wp-json\/wp\/v2\/posts\/26732","targetHints":{"allow":["GET"]}}],"collection":[{"href":"https:\/\/tvc16.com\/portal\/wp-json\/wp\/v2\/posts"}],"about":[{"href":"https:\/\/tvc16.com\/portal\/wp-json\/wp\/v2\/types\/post"}],"author":[{"embeddable":true,"href":"https:\/\/tvc16.com\/portal\/wp-json\/wp\/v2\/users\/2"}],"replies":[{"embeddable":true,"href":"https:\/\/tvc16.com\/portal\/wp-json\/wp\/v2\/comments?post=26732"}],"version-history":[{"count":1,"href":"https:\/\/tvc16.com\/portal\/wp-json\/wp\/v2\/posts\/26732\/revisions"}],"predecessor-version":[{"id":26734,"href":"https:\/\/tvc16.com\/portal\/wp-json\/wp\/v2\/posts\/26732\/revisions\/26734"}],"wp:featuredmedia":[{"embeddable":true,"href":"https:\/\/tvc16.com\/portal\/wp-json\/wp\/v2\/media\/26733"}],"wp:attachment":[{"href":"https:\/\/tvc16.com\/portal\/wp-json\/wp\/v2\/media?parent=26732"}],"wp:term":[{"taxonomy":"category","embeddable":true,"href":"https:\/\/tvc16.com\/portal\/wp-json\/wp\/v2\/categories?post=26732"},{"taxonomy":"post_tag","embeddable":true,"href":"https:\/\/tvc16.com\/portal\/wp-json\/wp\/v2\/tags?post=26732"}],"curies":[{"name":"wp","href":"https:\/\/api.w.org\/{rel}","templated":true}]}}