{"id":26751,"date":"2021-12-17T17:30:47","date_gmt":"2021-12-17T20:30:47","guid":{"rendered":"https:\/\/tvc16.com\/portal\/?p=26751"},"modified":"2021-12-17T17:31:48","modified_gmt":"2021-12-17T20:31:48","slug":"covid-19-ocupacao-de-leitos-de-uti-esta-em-870","status":"publish","type":"post","link":"https:\/\/tvc16.com\/portal\/2021\/12\/17\/covid-19-ocupacao-de-leitos-de-uti-esta-em-870\/","title":{"rendered":"Covid-19: ocupa\u00e7\u00e3o de leitos de UTI est\u00e1 em 8,70%"},"content":{"rendered":"\n<p>A taxa de ocupa\u00e7\u00e3o de leitos para pacientes com covid-19 no Sistema \u00danico de Sa\u00fade, nesta sexta-feira (17.12), est\u00e1 em 3,33% para leito cl\u00ednico e em 8,70% para leitos de UTI na rede p\u00fablica. Levando em conta toda a rede de sa\u00fade da cidade, incluindo hospitais p\u00fablicos e privados, quatro pacientes permanecem internados, sendo dois em leitos cl\u00ednicos e dois em leitos de UTI.<br>At\u00e9 o momento foram realizados no munic\u00edpio 214.543 testes para Covid-19, com 50.354 resultados positivos e 163.402 negativos (levando em considera\u00e7\u00e3o testes r\u00e1pidos e swab).<br>A Secretaria de Sa\u00fade esclarece que o n\u00famero de \u00f3bitos, em 1.569, \u00e9 atualizado nos boletins apenas ap\u00f3s o registro do atestado de \u00f3bito e do resultado do exame do paciente no sistema da Vigil\u00e2ncia Epidemiol\u00f3gica, o que \u00e9 feito por equipe administrativa. Trata-se de medida de seguran\u00e7a para evitar erro na informa\u00e7\u00e3o divulgada pela Secretaria de Sa\u00fade. \u00c9 poss\u00edvel acompanhar a evolu\u00e7\u00e3o dos casos no portal da transpar\u00eancia do coronav\u00edrus, no <a href=\"http:\/\/www.petropolis.rj.gov.br\">site da Prefeitura<\/a>.<\/p>\n\n\n\n<div class=\"wp-block-image\"><figure class=\"aligncenter size-large is-resized\"><img loading=\"lazy\" decoding=\"async\" src=\"https:\/\/tvc16.com\/portal\/wp-content\/uploads\/2021\/12\/WhatsApp-Image-2021-12-17-at-5.28.50-PM-819x1024.jpeg\" alt=\"\" class=\"wp-image-26752\" width=\"381\" height=\"476\" srcset=\"https:\/\/tvc16.com\/portal\/wp-content\/uploads\/2021\/12\/WhatsApp-Image-2021-12-17-at-5.28.50-PM-819x1024.jpeg 819w, https:\/\/tvc16.com\/portal\/wp-content\/uploads\/2021\/12\/WhatsApp-Image-2021-12-17-at-5.28.50-PM-240x300.jpeg 240w, https:\/\/tvc16.com\/portal\/wp-content\/uploads\/2021\/12\/WhatsApp-Image-2021-12-17-at-5.28.50-PM-768x960.jpeg 768w, https:\/\/tvc16.com\/portal\/wp-content\/uploads\/2021\/12\/WhatsApp-Image-2021-12-17-at-5.28.50-PM.jpeg 1080w\" sizes=\"auto, (max-width: 381px) 100vw, 381px\" \/><\/figure><\/div>\n\n\n\n<p><\/p>\n\n\n\n<p><\/p>\n","protected":false},"excerpt":{"rendered":"<p>A taxa de ocupa\u00e7\u00e3o de leitos para pacientes com covid-19 no Sistema \u00danico de Sa\u00fade,<\/p>\n","protected":false},"author":2,"featured_media":13022,"comment_status":"open","ping_status":"open","sticky":false,"template":"","format":"standard","meta":{"footnotes":""},"categories":[12],"tags":[],"class_list":["post-26751","post","type-post","status-publish","format-standard","has-post-thumbnail","hentry","category-cidade"],"_links":{"self":[{"href":"https:\/\/tvc16.com\/portal\/wp-json\/wp\/v2\/posts\/26751","targetHints":{"allow":["GET"]}}],"collection":[{"href":"https:\/\/tvc16.com\/portal\/wp-json\/wp\/v2\/posts"}],"about":[{"href":"https:\/\/tvc16.com\/portal\/wp-json\/wp\/v2\/types\/post"}],"author":[{"embeddable":true,"href":"https:\/\/tvc16.com\/portal\/wp-json\/wp\/v2\/users\/2"}],"replies":[{"embeddable":true,"href":"https:\/\/tvc16.com\/portal\/wp-json\/wp\/v2\/comments?post=26751"}],"version-history":[{"count":1,"href":"https:\/\/tvc16.com\/portal\/wp-json\/wp\/v2\/posts\/26751\/revisions"}],"predecessor-version":[{"id":26753,"href":"https:\/\/tvc16.com\/portal\/wp-json\/wp\/v2\/posts\/26751\/revisions\/26753"}],"wp:featuredmedia":[{"embeddable":true,"href":"https:\/\/tvc16.com\/portal\/wp-json\/wp\/v2\/media\/13022"}],"wp:attachment":[{"href":"https:\/\/tvc16.com\/portal\/wp-json\/wp\/v2\/media?parent=26751"}],"wp:term":[{"taxonomy":"category","embeddable":true,"href":"https:\/\/tvc16.com\/portal\/wp-json\/wp\/v2\/categories?post=26751"},{"taxonomy":"post_tag","embeddable":true,"href":"https:\/\/tvc16.com\/portal\/wp-json\/wp\/v2\/tags?post=26751"}],"curies":[{"name":"wp","href":"https:\/\/api.w.org\/{rel}","templated":true}]}}