{"id":26757,"date":"2021-12-17T17:52:56","date_gmt":"2021-12-17T20:52:56","guid":{"rendered":"https:\/\/tvc16.com\/portal\/?p=26757"},"modified":"2021-12-17T18:57:01","modified_gmt":"2021-12-17T21:57:01","slug":"rubens-bomtempo-e-diplomado-como-prefeito-de-petropolis","status":"publish","type":"post","link":"https:\/\/tvc16.com\/portal\/2021\/12\/17\/rubens-bomtempo-e-diplomado-como-prefeito-de-petropolis\/","title":{"rendered":"Rubens Bomtempo \u00e9 diplomado como prefeito de Petr\u00f3polis"},"content":{"rendered":"\n<p>Em cerim\u00f4nia na tarde desta sexta-feira (17), na sede do Tribunal Regional Eleitoral (TRE), o prefeito eleito em 2020, Rubens Bomtempo, foi diplomado.  A diploma\u00e7\u00e3o foi conduzida pelo juiz da 29\u00aa Zona Eleitoral, Marcelo Machado da Costa. Neste s\u00e1bado (18), vai ser realizada a cerim\u00f4nia de posse do prefeito, na C\u00e2mara dos Vereadores, \u00e0s 17h. Em seguida, o prefeito segue at\u00e9 a sede da Prefeitura e far\u00e1 o an\u00fancio de seus secret\u00e1rios.<\/p>\n\n\n\n<p>Na \u00faltima ter\u00e7a-feira (14), o Tribunal Superior Eleitoral (TSE) decidiu por 4 votos a 3 pela anula\u00e7\u00e3o do processo que o impedia Rubens Bomtempo de assumir o cargo de prefeito.<\/p>\n","protected":false},"excerpt":{"rendered":"<p>Em cerim\u00f4nia na tarde desta sexta-feira (17), na sede do Tribunal Regional Eleitoral (TRE), o<\/p>\n","protected":false},"author":2,"featured_media":26758,"comment_status":"open","ping_status":"open","sticky":true,"template":"","format":"standard","meta":{"footnotes":""},"categories":[12],"tags":[],"class_list":["post-26757","post","type-post","status-publish","format-standard","has-post-thumbnail","hentry","category-cidade"],"_links":{"self":[{"href":"https:\/\/tvc16.com\/portal\/wp-json\/wp\/v2\/posts\/26757","targetHints":{"allow":["GET"]}}],"collection":[{"href":"https:\/\/tvc16.com\/portal\/wp-json\/wp\/v2\/posts"}],"about":[{"href":"https:\/\/tvc16.com\/portal\/wp-json\/wp\/v2\/types\/post"}],"author":[{"embeddable":true,"href":"https:\/\/tvc16.com\/portal\/wp-json\/wp\/v2\/users\/2"}],"replies":[{"embeddable":true,"href":"https:\/\/tvc16.com\/portal\/wp-json\/wp\/v2\/comments?post=26757"}],"version-history":[{"count":1,"href":"https:\/\/tvc16.com\/portal\/wp-json\/wp\/v2\/posts\/26757\/revisions"}],"predecessor-version":[{"id":26759,"href":"https:\/\/tvc16.com\/portal\/wp-json\/wp\/v2\/posts\/26757\/revisions\/26759"}],"wp:featuredmedia":[{"embeddable":true,"href":"https:\/\/tvc16.com\/portal\/wp-json\/wp\/v2\/media\/26758"}],"wp:attachment":[{"href":"https:\/\/tvc16.com\/portal\/wp-json\/wp\/v2\/media?parent=26757"}],"wp:term":[{"taxonomy":"category","embeddable":true,"href":"https:\/\/tvc16.com\/portal\/wp-json\/wp\/v2\/categories?post=26757"},{"taxonomy":"post_tag","embeddable":true,"href":"https:\/\/tvc16.com\/portal\/wp-json\/wp\/v2\/tags?post=26757"}],"curies":[{"name":"wp","href":"https:\/\/api.w.org\/{rel}","templated":true}]}}