{"id":26763,"date":"2021-12-18T07:00:00","date_gmt":"2021-12-18T10:00:00","guid":{"rendered":"https:\/\/tvc16.com\/portal\/?p=26763"},"modified":"2021-12-17T18:00:38","modified_gmt":"2021-12-17T21:00:38","slug":"prefeitura-sanciona-lei-que-garante-reserva-de-carga-horaria-dos-professores-para-planejamento","status":"publish","type":"post","link":"https:\/\/tvc16.com\/portal\/2021\/12\/18\/prefeitura-sanciona-lei-que-garante-reserva-de-carga-horaria-dos-professores-para-planejamento\/","title":{"rendered":"Prefeitura sanciona lei que garante reserva de carga hor\u00e1ria dos professores para planejamento"},"content":{"rendered":"\n<p>A Prefeitura de Petr\u00f3polis sancionou a lei que garante a reserva de carga hor\u00e1ria (1\/3) dos professores para o planejamento das aulas. A medida tem como base a Lei do Piso do Magist\u00e9rio (de 2008) e a sua implanta\u00e7\u00e3o era uma antiga reivindica\u00e7\u00e3o da categoria.<br>Para o secret\u00e1rio de Educa\u00e7\u00e3o Jos\u00e9 Luiz de Souza Lima, a implanta\u00e7\u00e3o da Lei do 1\/3 \u00e9 uma garantia dos direitos dos professores. \u201cEssa lei garante aos professores o tempo para estudar e oferecer assim uma educa\u00e7\u00e3o de qualidade para os nossos alunos. \u00c9 importante que os professores tenham esse tempo fora das salas de aula para planejar o conte\u00fado que ser\u00e1 oferecido aos estudantes\u201d, comentou o secret\u00e1rio.<br>O projeto de lei que normatiza a carga hor\u00e1ria de atividades dos profissionais foi aprovada na C\u00e2mara Municipal durante sess\u00e3o realizada na quinta-feira (16). O texto foi encaminhado pelo Poder Executivo.<\/p>\n","protected":false},"excerpt":{"rendered":"<p>A Prefeitura de Petr\u00f3polis sancionou a lei que garante a reserva de carga hor\u00e1ria (1\/3)<\/p>\n","protected":false},"author":2,"featured_media":18956,"comment_status":"open","ping_status":"open","sticky":false,"template":"","format":"standard","meta":{"footnotes":""},"categories":[12],"tags":[],"class_list":["post-26763","post","type-post","status-publish","format-standard","has-post-thumbnail","hentry","category-cidade"],"_links":{"self":[{"href":"https:\/\/tvc16.com\/portal\/wp-json\/wp\/v2\/posts\/26763","targetHints":{"allow":["GET"]}}],"collection":[{"href":"https:\/\/tvc16.com\/portal\/wp-json\/wp\/v2\/posts"}],"about":[{"href":"https:\/\/tvc16.com\/portal\/wp-json\/wp\/v2\/types\/post"}],"author":[{"embeddable":true,"href":"https:\/\/tvc16.com\/portal\/wp-json\/wp\/v2\/users\/2"}],"replies":[{"embeddable":true,"href":"https:\/\/tvc16.com\/portal\/wp-json\/wp\/v2\/comments?post=26763"}],"version-history":[{"count":1,"href":"https:\/\/tvc16.com\/portal\/wp-json\/wp\/v2\/posts\/26763\/revisions"}],"predecessor-version":[{"id":26764,"href":"https:\/\/tvc16.com\/portal\/wp-json\/wp\/v2\/posts\/26763\/revisions\/26764"}],"wp:featuredmedia":[{"embeddable":true,"href":"https:\/\/tvc16.com\/portal\/wp-json\/wp\/v2\/media\/18956"}],"wp:attachment":[{"href":"https:\/\/tvc16.com\/portal\/wp-json\/wp\/v2\/media?parent=26763"}],"wp:term":[{"taxonomy":"category","embeddable":true,"href":"https:\/\/tvc16.com\/portal\/wp-json\/wp\/v2\/categories?post=26763"},{"taxonomy":"post_tag","embeddable":true,"href":"https:\/\/tvc16.com\/portal\/wp-json\/wp\/v2\/tags?post=26763"}],"curies":[{"name":"wp","href":"https:\/\/api.w.org\/{rel}","templated":true}]}}