{"id":2681,"date":"2020-10-14T14:50:10","date_gmt":"2020-10-14T14:50:10","guid":{"rendered":"https:\/\/tvc16.com\/portal\/?p=2681"},"modified":"2020-10-14T14:50:10","modified_gmt":"2020-10-14T14:50:10","slug":"avancini-assume-lideranca-do-ranking-mundial-de-mountain-bike","status":"publish","type":"post","link":"https:\/\/tvc16.com\/portal\/2020\/10\/14\/avancini-assume-lideranca-do-ranking-mundial-de-mountain-bike\/","title":{"rendered":"Avancini assume lideran\u00e7a do ranking mundial de mountain bike"},"content":{"rendered":"\n<p>Por Lincoln Chaves &#8211; Rep\u00f3rter da TV Brasil e R\u00e1dio Nacional<\/p>\n\n\n\n<p>O topo do ranking mundial do mountain bike &#8211; uma das categorias ol\u00edmpicas do ciclismo &#8211; \u00e9 de um brasileiro pela primeira vez. Henrique Avancini assumiu o primeiro lugar do&nbsp;<em>cross country<\/em>&nbsp;ol\u00edmpico (XCO) na classifica\u00e7\u00e3o da Uni\u00e3o Cicl\u00edstica Internacional (UCI), deixando para tr\u00e1s o su\u00ed\u00e7o Nino Schurter, medalhista de ouro na Olimp\u00edada Rio 2016.&nbsp;<img decoding=\"async\" src=\"https:\/\/agenciabrasil.ebc.com.br\/ebc.png?id=1390472&amp;o=node\"><img decoding=\"async\" src=\"https:\/\/agenciabrasil.ebc.com.br\/ebc.gif?id=1390472&amp;o=node\"><\/p>\n\n\n\n<blockquote class=\"wp-block-quote is-layout-flow wp-block-quote-is-layout-flow\"><p>&#8220;Durante anos me perguntei se realmente buscar alguma coisa com tanto afinco valeria a pena. Se insistir em n\u00e3o querer ser s\u00f3 mais um me levaria \u00e0 algum lugar. Quis chegar ao topo, do meu jeito, acreditando nos meus princ\u00edpios. N\u00e3o importa onde, qual ou quando for a corrida, eu vou largar para brigar pela vit\u00f3ria&#8221;, celebrou o brasileiro, em postagem no Instagram.<\/p><\/blockquote>\n\n\n\n<p>A regularidade de Avancini explica a subida no ranking. De julho de 2019 para c\u00e1, ele pontuou em 24 provas, contra 18 de Schurter. H\u00e1 uma semana, o atleta fluminense de 31 anos venceu a segunda etapa da Copa do Mundo de\u00a0<em>mountain bike,<\/em>\u00a0realizada em Nov\u00e9 Mesto (Rep\u00fablica Tcheca). No \u00faltimo s\u00e1bado (10), em Leogang (\u00c1ustria), o brasileiro terminou o Mundial da modalidade na 10\u00aa posi\u00e7\u00e3o.<\/p>\n\n\n\n<p>O posicionamento no ranking\u00a0\u00e9 fundamental para as\u00a0pretens\u00f5es de Avancini de competir na\u00a0Olimp\u00edada de T\u00f3quio (Jap\u00e3o), no ano que vem. O Brasil \u00e9 o quarto colocado do ranking de na\u00e7\u00f5es na UCI, com direito a duas vagas nos Jogos, e s\u00f3 perder\u00e1 uma delas se cair para oitavo. O pa\u00eds ficar\u00e1 fora dos Jogos apenas se ficar abaixo da 30\u00aa posi\u00e7\u00e3o. Avancini, portanto, est\u00e1 praticamente garantido nos Jogos.<\/p>\n\n\n\n<figure class=\"wp-block-image size-large\"><img loading=\"lazy\" decoding=\"async\" width=\"754\" height=\"503\" src=\"https:\/\/tvc16.com\/portal\/wp-content\/uploads\/2020\/10\/si202010040171_news.jpg\" alt=\"\" class=\"wp-image-2682\" srcset=\"https:\/\/tvc16.com\/portal\/wp-content\/uploads\/2020\/10\/si202010040171_news.jpg 754w, https:\/\/tvc16.com\/portal\/wp-content\/uploads\/2020\/10\/si202010040171_news-300x200.jpg 300w\" sizes=\"auto, (max-width: 754px) 100vw, 754px\" \/><figcaption><strong>Foto:<\/strong> <strong>Bartek Wolinski\/Red Bull Content Pool\/<\/strong><\/figcaption><\/figure>\n\n\n\n<p class=\"has-text-align-left\">Dois ciclistas disputam a&nbsp;outra vaga brasileira: Luiz Henrique Cocuzzi (que subiu um degrau e \u00e9 o 51\u00ba do mundo) e Guilherme Muller (que ascendeu quatro lugares e est\u00e1 em 56\u00ba). No Mundial, Muller ficou em 33\u00ba e Cocuzzi em 36\u00ba. Em 2016, Avancini e Rubens Donizete representaram o pa\u00eds no XCO, com o primeiro terminando a prova em 23\u00ba e o segundo em 30\u00ba lugar.<\/p>\n\n\n\n<p>No XCO feminino, a brasileira mais bem colocada \u00e9 Raiza Goul\u00e3o, que subiu cinco posi\u00e7\u00f5es na lista da UCI e ocupa o 48\u00ba lugar. Como o Brasil \u00e9 o 19\u00ba do ranking de na\u00e7\u00f5es, tem direito, atualmente, a uma vaga ol\u00edmpica para as mulheres. No Mundial, Raiza chegou em 45\u00ba, quatro postos \u00e0&nbsp;frente da outra representante do pa\u00eds, Let\u00edcia Soares, 80\u00aa do mundo.<\/p>\n","protected":false},"excerpt":{"rendered":"<p>Por Lincoln Chaves &#8211; Rep\u00f3rter da TV Brasil e R\u00e1dio Nacional O topo do ranking<\/p>\n","protected":false},"author":2,"featured_media":2683,"comment_status":"open","ping_status":"open","sticky":false,"template":"","format":"standard","meta":{"footnotes":""},"categories":[20],"tags":[69,25,70,61],"class_list":["post-2681","post","type-post","status-publish","format-standard","has-post-thumbnail","hentry","category-esporte","tag-avancini","tag-esporte","tag-mountain-bike","tag-petropolis"],"_links":{"self":[{"href":"https:\/\/tvc16.com\/portal\/wp-json\/wp\/v2\/posts\/2681","targetHints":{"allow":["GET"]}}],"collection":[{"href":"https:\/\/tvc16.com\/portal\/wp-json\/wp\/v2\/posts"}],"about":[{"href":"https:\/\/tvc16.com\/portal\/wp-json\/wp\/v2\/types\/post"}],"author":[{"embeddable":true,"href":"https:\/\/tvc16.com\/portal\/wp-json\/wp\/v2\/users\/2"}],"replies":[{"embeddable":true,"href":"https:\/\/tvc16.com\/portal\/wp-json\/wp\/v2\/comments?post=2681"}],"version-history":[{"count":2,"href":"https:\/\/tvc16.com\/portal\/wp-json\/wp\/v2\/posts\/2681\/revisions"}],"predecessor-version":[{"id":2685,"href":"https:\/\/tvc16.com\/portal\/wp-json\/wp\/v2\/posts\/2681\/revisions\/2685"}],"wp:featuredmedia":[{"embeddable":true,"href":"https:\/\/tvc16.com\/portal\/wp-json\/wp\/v2\/media\/2683"}],"wp:attachment":[{"href":"https:\/\/tvc16.com\/portal\/wp-json\/wp\/v2\/media?parent=2681"}],"wp:term":[{"taxonomy":"category","embeddable":true,"href":"https:\/\/tvc16.com\/portal\/wp-json\/wp\/v2\/categories?post=2681"},{"taxonomy":"post_tag","embeddable":true,"href":"https:\/\/tvc16.com\/portal\/wp-json\/wp\/v2\/tags?post=2681"}],"curies":[{"name":"wp","href":"https:\/\/api.w.org\/{rel}","templated":true}]}}