{"id":2686,"date":"2020-10-14T14:59:37","date_gmt":"2020-10-14T14:59:37","guid":{"rendered":"https:\/\/tvc16.com\/portal\/?p=2686"},"modified":"2020-10-14T14:59:37","modified_gmt":"2020-10-14T14:59:37","slug":"neymar-supera-ronaldo-e-se-torna-2o-maior-artilheiro-da-selecao","status":"publish","type":"post","link":"https:\/\/tvc16.com\/portal\/2020\/10\/14\/neymar-supera-ronaldo-e-se-torna-2o-maior-artilheiro-da-selecao\/","title":{"rendered":"Neymar supera Ronaldo e se torna 2\u00ba maior artilheiro da sele\u00e7\u00e3o"},"content":{"rendered":"\n<p>Por CBF &#8211; Foto: Lucas Figueiredo<\/p>\n\n\n\n<p>A noite da \u00faltima ter\u00e7a-feira (13) serviu para unir dois \u00eddolos do futebol brasileiro. Grande nome na vit\u00f3ria por 4 a 2 do Brasil sobre o Peru, em Lima, Neymar marcou tr\u00eas gols e homenageou Ronaldo, bicampe\u00e3o mundial com a Sele\u00e7\u00e3o Brasileira. Ao fazer o primeiro, de p\u00eanalti, o atacante comemorou balan\u00e7ando o dedo indicador e mostrando o n\u00famero nove com as m\u00e3os, em refer\u00eancia ao \u00eddolo do pentacampeonato de 2002.<\/p>\n\n\n\n<p>A homenagem tem justificativa hist\u00f3rica: com os tr\u00eas gols desta noite, Neymar chegou a 64 com a Amarelinha, ultrapassando a marca de Ronaldo, que fez 62 na conta que inclui apenas duelos contra sele\u00e7\u00f5es nacionais. Se forem considerados tamb\u00e9m os jogos contra combinados e clubes, o Fen\u00f4meno tem 67. O l\u00edder do ranking \u00e9 Pel\u00e9, que tem 95 gols na conta geral (77 deles na contagem somente contra equipes nacionais).<\/p>\n\n\n\n<p>&#8220;Fiz em homenagem ao Ronaldo, por empatar com ele em gols e quis homenage\u00e1-lo de alguma forma. \u00c9 um \u00eddolo para todos n\u00f3s, brasileiros, e para mim principalmente&#8221;, disse Neymar ap\u00f3s a partida.\u00a0<\/p>\n\n\n\n<figure class=\"wp-block-image size-large\"><img loading=\"lazy\" decoding=\"async\" width=\"910\" height=\"607\" src=\"https:\/\/tvc16.com\/portal\/wp-content\/uploads\/2020\/10\/20201013214938_89.jpeg\" alt=\"\" class=\"wp-image-2688\" srcset=\"https:\/\/tvc16.com\/portal\/wp-content\/uploads\/2020\/10\/20201013214938_89.jpeg 910w, https:\/\/tvc16.com\/portal\/wp-content\/uploads\/2020\/10\/20201013214938_89-300x200.jpeg 300w, https:\/\/tvc16.com\/portal\/wp-content\/uploads\/2020\/10\/20201013214938_89-768x512.jpeg 768w, https:\/\/tvc16.com\/portal\/wp-content\/uploads\/2020\/10\/20201013214938_89-900x600.jpeg 900w\" sizes=\"auto, (max-width: 910px) 100vw, 910px\" \/><figcaption>Peru x Brasil em Lima pela segunda rodada das Eliminat\u00f3rias da Copa de 2022<br><em>Cr\u00e9ditos: Lucas Figueiredo\/CBF<\/em><\/figcaption><\/figure>\n\n\n\n<p>Em entrevista coletiva, o t\u00e9cnico Tite evitou fazer compara\u00e7\u00f5es entre Neymar e os outros grandes \u00eddolos da Sele\u00e7\u00e3o Brasileira, mas rasgou elogios para o atacante do Brasil.<\/p>\n\n\n\n<p>\u02dc\u00c9 injusto fazer comparativos nas etapas de cada um. O que posso dizer \u00e9 que o Neymar tem essa imprevisibilidade, ele \u00e9 arco e flecha, ele \u00e9 o jogador da assist\u00eancia e da finaliza\u00e7\u00e3o. E cada vez melhor, com um grau de maturidade melhor\u201d, disse o treinador.<\/p>\n\n\n\n<p>Com a vit\u00f3ria por 4 a 2 sobre o Peru, o Brasil se firmou na lideran\u00e7a, com dois jogos, duas vit\u00f3rias e nove gols marcados. A Sele\u00e7\u00e3o voltar\u00e1 a campo em novembro, para os jogos contra Venezuela e Uruguai, nas pr\u00f3ximas rodadas das Eliminat\u00f3rias da Copa do Mundo FIFA Catar 2022.<\/p>\n","protected":false},"excerpt":{"rendered":"<p>Por CBF &#8211; Foto: Lucas Figueiredo A noite da \u00faltima ter\u00e7a-feira (13) serviu para unir<\/p>\n","protected":false},"author":2,"featured_media":2687,"comment_status":"open","ping_status":"open","sticky":false,"template":"","format":"standard","meta":{"footnotes":""},"categories":[20],"tags":[25,73,71],"class_list":["post-2686","post","type-post","status-publish","format-standard","has-post-thumbnail","hentry","category-esporte","tag-esporte","tag-futebol","tag-neymar"],"_links":{"self":[{"href":"https:\/\/tvc16.com\/portal\/wp-json\/wp\/v2\/posts\/2686","targetHints":{"allow":["GET"]}}],"collection":[{"href":"https:\/\/tvc16.com\/portal\/wp-json\/wp\/v2\/posts"}],"about":[{"href":"https:\/\/tvc16.com\/portal\/wp-json\/wp\/v2\/types\/post"}],"author":[{"embeddable":true,"href":"https:\/\/tvc16.com\/portal\/wp-json\/wp\/v2\/users\/2"}],"replies":[{"embeddable":true,"href":"https:\/\/tvc16.com\/portal\/wp-json\/wp\/v2\/comments?post=2686"}],"version-history":[{"count":1,"href":"https:\/\/tvc16.com\/portal\/wp-json\/wp\/v2\/posts\/2686\/revisions"}],"predecessor-version":[{"id":2689,"href":"https:\/\/tvc16.com\/portal\/wp-json\/wp\/v2\/posts\/2686\/revisions\/2689"}],"wp:featuredmedia":[{"embeddable":true,"href":"https:\/\/tvc16.com\/portal\/wp-json\/wp\/v2\/media\/2687"}],"wp:attachment":[{"href":"https:\/\/tvc16.com\/portal\/wp-json\/wp\/v2\/media?parent=2686"}],"wp:term":[{"taxonomy":"category","embeddable":true,"href":"https:\/\/tvc16.com\/portal\/wp-json\/wp\/v2\/categories?post=2686"},{"taxonomy":"post_tag","embeddable":true,"href":"https:\/\/tvc16.com\/portal\/wp-json\/wp\/v2\/tags?post=2686"}],"curies":[{"name":"wp","href":"https:\/\/api.w.org\/{rel}","templated":true}]}}