{"id":2690,"date":"2020-10-14T15:27:02","date_gmt":"2020-10-14T15:27:02","guid":{"rendered":"https:\/\/tvc16.com\/portal\/?p=2690"},"modified":"2020-10-14T15:27:02","modified_gmt":"2020-10-14T15:27:02","slug":"europa-se-prepara-para-segunda-onda-de-covid-19-2","status":"publish","type":"post","link":"https:\/\/tvc16.com\/portal\/2020\/10\/14\/europa-se-prepara-para-segunda-onda-de-covid-19-2\/","title":{"rendered":"Europa se prepara para segunda onda de Covid-19"},"content":{"rendered":"\n<p>Pa\u00edses voltam a suspender aulas e fechar bares e restaurantes &#8211; Por Jan Lopatka e Marine Strauss &#8211; Rep\u00f3rteres da Reuters &#8211; Bruxelas <\/p>\n\n\n\n<p>Pa\u00edses europeus come\u00e7aram a fechar escolas e cancelar cirurgias, indo muito al\u00e9m das restri\u00e7\u00f5es \u00e0 vida social agora que autoridades sobrecarregadas enfrentam o ressurgimento da covid-19 \u00e0s v\u00e9speras da chegada do inverno.<img decoding=\"async\" src=\"https:\/\/agenciabrasil.ebc.com.br\/ebc.png?id=1390572&amp;o=node\"><img decoding=\"async\" src=\"https:\/\/agenciabrasil.ebc.com.br\/ebc.gif?id=1390572&amp;o=node\"> A maioria da na\u00e7\u00f5es da Europa amenizou seus\u00a0<em>lockdowns<\/em>\u00a0durante o ver\u00e3o para come\u00e7ar a reativar as economias j\u00e1 a caminho de retra\u00e7\u00f5es e cortes de empregos in\u00e9ditos, resultantes da primeira onda da pandemia.<\/p>\n\n\n\n<p>A Rep\u00fablica Tcheca, que tem o pior \u00edndice per capita europeu, trocou o ensino presencial pelo virtual e os hospitais come\u00e7aram a suspender opera\u00e7\u00f5es sem urg\u00eancia para liberar leitos. Bares, restaurantes e clubes fecharam. Mas a volta das atividades normais &#8211; de restaurantes cheios a novos semestres nas universidades &#8211; desencadeou um pico acelerado de casos em todo o continente. Bares e\u00a0<em>pubs<\/em>\u00a0foram dos primeiros a fechar ou ser obrigados a encurtar o expediente nos novos\u00a0<em>lockdowns<\/em>, mas agora as taxas de infec\u00e7\u00e3o crescentes tamb\u00e9m est\u00e3o testando a determina\u00e7\u00e3o dos governos a manter as escolas abertas e os atendimentos de sa\u00fade n\u00e3o relacionados \u00e0 covid em funcionamento.<\/p>\n\n\n\n<p>&#8220;\u00c0s vezes estamos \u00e0 beira do choro, isso acontece com bastante frequ\u00eancia agora&#8221;, disse Lenka Krejcova, chefe de enfermagem do hospital Slany, no noroeste de Praga, enquanto oper\u00e1rios corriam pelos corredores para transformar uma ala geral em um departamento para pacientes infectados com o novo coronav\u00edrus.<\/p>\n\n\n\n<figure class=\"wp-block-image size-large\"><img loading=\"lazy\" decoding=\"async\" width=\"1024\" height=\"613\" src=\"https:\/\/tvc16.com\/portal\/wp-content\/uploads\/2020\/10\/2020-03-26t104839z_740829701_rc2mrf9f5gv8_rtrmadp_3_health-coronavirus-italy-1-1024x613.jpg\" alt=\"\" class=\"wp-image-2703\" srcset=\"https:\/\/tvc16.com\/portal\/wp-content\/uploads\/2020\/10\/2020-03-26t104839z_740829701_rc2mrf9f5gv8_rtrmadp_3_health-coronavirus-italy-1-1024x613.jpg 1024w, https:\/\/tvc16.com\/portal\/wp-content\/uploads\/2020\/10\/2020-03-26t104839z_740829701_rc2mrf9f5gv8_rtrmadp_3_health-coronavirus-italy-1-300x179.jpg 300w, https:\/\/tvc16.com\/portal\/wp-content\/uploads\/2020\/10\/2020-03-26t104839z_740829701_rc2mrf9f5gv8_rtrmadp_3_health-coronavirus-italy-1-768x459.jpg 768w, https:\/\/tvc16.com\/portal\/wp-content\/uploads\/2020\/10\/2020-03-26t104839z_740829701_rc2mrf9f5gv8_rtrmadp_3_health-coronavirus-italy-1.jpg 1170w\" sizes=\"auto, (max-width: 1024px) 100vw, 1024px\" \/><figcaption>It\u00e1lia endurece restri\u00e7\u00f5es para conter alta da covid-19<\/figcaption><\/figure>\n\n\n\n<p>Nesta quarta-feira, as autoridades de Moscou disseram que adotar\u00e3o o ensino virtual para muitos estudantes a partir de segunda-feira, e a Irlanda do Norte anunciou um fechamento de duas semanas das escolas. As grandes economias europeias da Alemanha, Reino Unido e Fran\u00e7a v\u00eam resistindo \u00e0 press\u00e3o para fechar as escolas, uma medida que criou transtornos para a for\u00e7a de trabalho durante os\u00a0<em>lockdowns<\/em>\u00a0de primavera, j\u00e1 que os pais tiveram que se dividir entre os cuidados com os filhos e o trabalho em casa.<\/p>\n\n\n\n<p>A Holanda retomou um\u00a0<em>lockdown<\/em>\u00a0parcial\u00a0nesta quarta-feira (14), fechando bares e restaurantes, mas manteve as escolas abertas. As infec\u00e7\u00f5es europeias v\u00eam se mantendo em uma m\u00e9dia de quase 100 mil por dia, obrigando governos a adotarem uma variedade de restri\u00e7\u00f5es severas, e cada um deles tenta calibr\u00e1-las para proteger a sa\u00fade sem destruir os meios de subsist\u00eancia.<\/p>\n\n\n\n<p>&#8220;\u00c9 uma bagun\u00e7a, \u00e9 uma bagun\u00e7a, meu filho, o que posso dizer? Realmente n\u00e3o sabemos o que ser\u00e1 de n\u00f3s&#8221;, disse um aposentado italiano em Roma.<\/p>\n","protected":false},"excerpt":{"rendered":"<p>Pa\u00edses voltam a suspender aulas e fechar bares e restaurantes &#8211; Por Jan Lopatka e<\/p>\n","protected":false},"author":2,"featured_media":2704,"comment_status":"open","ping_status":"open","sticky":false,"template":"","format":"standard","meta":{"footnotes":""},"categories":[22],"tags":[62,74],"class_list":["post-2690","post","type-post","status-publish","format-standard","has-post-thumbnail","hentry","category-internacional","tag-covid","tag-internacional"],"_links":{"self":[{"href":"https:\/\/tvc16.com\/portal\/wp-json\/wp\/v2\/posts\/2690","targetHints":{"allow":["GET"]}}],"collection":[{"href":"https:\/\/tvc16.com\/portal\/wp-json\/wp\/v2\/posts"}],"about":[{"href":"https:\/\/tvc16.com\/portal\/wp-json\/wp\/v2\/types\/post"}],"author":[{"embeddable":true,"href":"https:\/\/tvc16.com\/portal\/wp-json\/wp\/v2\/users\/2"}],"replies":[{"embeddable":true,"href":"https:\/\/tvc16.com\/portal\/wp-json\/wp\/v2\/comments?post=2690"}],"version-history":[{"count":2,"href":"https:\/\/tvc16.com\/portal\/wp-json\/wp\/v2\/posts\/2690\/revisions"}],"predecessor-version":[{"id":2706,"href":"https:\/\/tvc16.com\/portal\/wp-json\/wp\/v2\/posts\/2690\/revisions\/2706"}],"wp:featuredmedia":[{"embeddable":true,"href":"https:\/\/tvc16.com\/portal\/wp-json\/wp\/v2\/media\/2704"}],"wp:attachment":[{"href":"https:\/\/tvc16.com\/portal\/wp-json\/wp\/v2\/media?parent=2690"}],"wp:term":[{"taxonomy":"category","embeddable":true,"href":"https:\/\/tvc16.com\/portal\/wp-json\/wp\/v2\/categories?post=2690"},{"taxonomy":"post_tag","embeddable":true,"href":"https:\/\/tvc16.com\/portal\/wp-json\/wp\/v2\/tags?post=2690"}],"curies":[{"name":"wp","href":"https:\/\/api.w.org\/{rel}","templated":true}]}}