{"id":26934,"date":"2021-12-22T07:00:00","date_gmt":"2021-12-22T10:00:00","guid":{"rendered":"https:\/\/tvc16.com\/portal\/?p=26934"},"modified":"2021-12-21T17:01:41","modified_gmt":"2021-12-21T20:01:41","slug":"ano-letivo-de-2022-pre-matricula-para-creches-municipais-e-cmei-sera-realizada-no-final-de-janeiro-em-teresopolis","status":"publish","type":"post","link":"https:\/\/tvc16.com\/portal\/2021\/12\/22\/ano-letivo-de-2022-pre-matricula-para-creches-municipais-e-cmei-sera-realizada-no-final-de-janeiro-em-teresopolis\/","title":{"rendered":"Ano letivo de 2022: Pr\u00e9-matr\u00edcula para creches municipais e CMEI ser\u00e1 realizada no final de janeiro em Teres\u00f3polis"},"content":{"rendered":"\n<p>A Secretaria Municipal de Educa\u00e7\u00e3o realizar\u00e1, de 24 a 28 de janeiro, o per\u00edodo de pr\u00e9-matr\u00edcula para turmas de ber\u00e7\u00e1rio, maternal e jardim nas creches municipais (CM) e centros municipais de Educa\u00e7\u00e3o Infantil (CMEI) para o ano letivo de 2022.<\/p>\n\n\n\n<p>Na zona rural, a inscri\u00e7\u00e3o acontecer\u00e1 nas creches municipais Prof\u00aa Alayde Ferreira da Silva (Vargem Grande), Doraci D\u00e1llia Granito (Bonsucesso) e Mariana Martuchelli (Independente de Mottas), de 8h \u00e0s 16h.<\/p>\n\n\n\n<p>Na \u00e1rea urbana, os pais e respons\u00e1veis poder\u00e3o fazer o cadastro na unidade escolar mais pr\u00f3xima de sua resid\u00eancia, tamb\u00e9m de 8h \u00e0s 16h:&nbsp;CMEI Prof\u00aa Marilia Morgado Carneiro (Alto); CM Miss. Manoel Mello Silva (Agri\u00f5es); CM Edomiro dos Reis Pacheco e CM Manoel Carreiro Sobrinho (Barra do Imbu\u00ed); CM Mariazinha Jannotti (Beira Linha); Prof\u00aa Mara Luciana Brand\u00e3o Bravo (F\u00e1tima), CM Menino Jesus de Praga e CM Prof\u00aa Ros\u00e1lia Martins de Lima Silva (Fonte Santa); CM Come\u00e7ando a Viver (Granja Guarani); CM Sempre Viva (Meudon); CM Amor Perfeito (Pimentel); CM Oneide Maria dos Santos (V\u00e1rzea) e CM Prof\u00aa Elza Corradini Medeiros Santa Rita (V\u00e1rzea); CM S\u00e3o Pedro e CM Oscar Lobato (S\u00e3o Pedro); e CM Para\u00edso (Vale do Para\u00edso).<\/p>\n\n\n\n<p>A vaga n\u00e3o est\u00e1 condicionada \u00e0 ordem de inscri\u00e7\u00e3o.<\/p>\n\n\n\n<p>&nbsp;<strong>Documenta\u00e7\u00e3o necess\u00e1ria:<\/strong><\/p>\n\n\n\n<ul class=\"wp-block-list\"><li>C\u00f3pia da certid\u00e3o de nascimento do aluno.<\/li><li>Comprovante de resid\u00eancia&nbsp;<strong>atual (no m\u00ednimo 6 meses)<\/strong>&nbsp;<strong><u>em nome do respons\u00e1vel<\/u><\/strong>&nbsp;ou c\u00f3pia do comprovante de aluguel (pode ser declara\u00e7\u00e3o do dono da resid\u00eancia).<\/li><li>C\u00f3pia do RG e do CPF do respons\u00e1vel.<\/li><li>Laudo m\u00e9dico&nbsp;<strong>original e atual<\/strong>&nbsp;(m\u00e1ximo 6 meses) no caso de estudantes com necessidades especiais.<\/li><li>C\u00f3pia do comprovante de rendimentos\/contracheque do respons\u00e1vel.<\/li><li>C\u00f3pia do extrato do Bolsa Fam\u00edlia atual (m\u00e1ximo 2 meses).<\/li><li>C\u00f3pia do comprovante de trabalho&nbsp;<strong>de todos os moradores da resid\u00eancia<\/strong>.<\/li><li>C\u00f3pia do comprovante de aluguel (pode ser declara\u00e7\u00e3o do dono da resid\u00eancia).<\/li><li>Situa\u00e7\u00e3o de risco: a crian\u00e7a estar em situa\u00e7\u00e3o de risco comprovado atrav\u00e9s de relat\u00f3rio descritivo lavrado pelo Conselho Tutelar, Minist\u00e9rio P\u00fablico ou Vara da Inf\u00e2ncia e Juventude.<\/li><li>C\u00f3pia da certid\u00e3o de nascimento dos irm\u00e3os, em cada pr\u00e9-matr\u00edcula realizada.<\/li><\/ul>\n","protected":false},"excerpt":{"rendered":"<p>A Secretaria Municipal de Educa\u00e7\u00e3o realizar\u00e1, de 24 a 28 de janeiro, o per\u00edodo de<\/p>\n","protected":false},"author":2,"featured_media":26935,"comment_status":"open","ping_status":"open","sticky":false,"template":"","format":"standard","meta":{"footnotes":""},"categories":[19,17],"tags":[],"class_list":["post-26934","post","type-post","status-publish","format-standard","has-post-thumbnail","hentry","category-educacao","category-outras-noticias"],"_links":{"self":[{"href":"https:\/\/tvc16.com\/portal\/wp-json\/wp\/v2\/posts\/26934","targetHints":{"allow":["GET"]}}],"collection":[{"href":"https:\/\/tvc16.com\/portal\/wp-json\/wp\/v2\/posts"}],"about":[{"href":"https:\/\/tvc16.com\/portal\/wp-json\/wp\/v2\/types\/post"}],"author":[{"embeddable":true,"href":"https:\/\/tvc16.com\/portal\/wp-json\/wp\/v2\/users\/2"}],"replies":[{"embeddable":true,"href":"https:\/\/tvc16.com\/portal\/wp-json\/wp\/v2\/comments?post=26934"}],"version-history":[{"count":1,"href":"https:\/\/tvc16.com\/portal\/wp-json\/wp\/v2\/posts\/26934\/revisions"}],"predecessor-version":[{"id":26936,"href":"https:\/\/tvc16.com\/portal\/wp-json\/wp\/v2\/posts\/26934\/revisions\/26936"}],"wp:featuredmedia":[{"embeddable":true,"href":"https:\/\/tvc16.com\/portal\/wp-json\/wp\/v2\/media\/26935"}],"wp:attachment":[{"href":"https:\/\/tvc16.com\/portal\/wp-json\/wp\/v2\/media?parent=26934"}],"wp:term":[{"taxonomy":"category","embeddable":true,"href":"https:\/\/tvc16.com\/portal\/wp-json\/wp\/v2\/categories?post=26934"},{"taxonomy":"post_tag","embeddable":true,"href":"https:\/\/tvc16.com\/portal\/wp-json\/wp\/v2\/tags?post=26934"}],"curies":[{"name":"wp","href":"https:\/\/api.w.org\/{rel}","templated":true}]}}