{"id":2694,"date":"2020-10-14T15:03:57","date_gmt":"2020-10-14T15:03:57","guid":{"rendered":"https:\/\/tvc16.com\/portal\/?p=2694"},"modified":"2020-10-14T15:03:57","modified_gmt":"2020-10-14T15:03:57","slug":"europa-se-prepara-para-segunda-onda-de-covid-19","status":"publish","type":"post","link":"https:\/\/tvc16.com\/portal\/2020\/10\/14\/europa-se-prepara-para-segunda-onda-de-covid-19\/","title":{"rendered":"Europa se prepara para segunda onda de Covid-19"},"content":{"rendered":"\n<p>Pa\u00edses voltam a suspender aulas e fechar bares e restaurantes<\/p>\n\n\n\n<h4 class=\"wp-block-heading\">Por Jan Lopatka e Marine Strauss &#8211; Rep\u00f3rteres da Reuters &#8211; Bruxelas<\/h4>\n\n\n\n<p>Pa\u00edses europeus come\u00e7aram a fechar escolas e cancelar cirurgias, indo muito al\u00e9m das restri\u00e7\u00f5es \u00e0 vida social agora que autoridades sobrecarregadas enfrentam o ressurgimento da covid-19 \u00e0s v\u00e9speras da chegada do inverno.<img decoding=\"async\" src=\"https:\/\/agenciabrasil.ebc.com.br\/ebc.png?id=1390572&amp;o=node\"><img decoding=\"async\" src=\"https:\/\/agenciabrasil.ebc.com.br\/ebc.gif?id=1390572&amp;o=node\"><\/p>\n\n\n\n<p>A maioria da na\u00e7\u00f5es da Europa amenizou seus&nbsp;<em>lockdowns<\/em>&nbsp;durante o ver\u00e3o para come\u00e7ar a reativar as economias j\u00e1 a caminho de retra\u00e7\u00f5es e cortes de empregos in\u00e9ditos, resultantes da primeira onda da pandemia.<\/p>\n\n\n\n<p>Mas a volta das atividades normais &#8211; de restaurantes cheios a novos semestres nas universidades &#8211; desencadeou um pico acelerado de casos em todo o continente.<\/p>\n\n\n\n<p>Bares e&nbsp;<em>pubs<\/em>&nbsp;foram dos primeiros a fechar ou ser obrigados a encurtar o expediente nos novos&nbsp;<em>lockdowns<\/em>, mas agora as taxas de infec\u00e7\u00e3o crescentes tamb\u00e9m est\u00e3o testando a determina\u00e7\u00e3o dos governos a manter as escolas abertas e os atendimentos de sa\u00fade n\u00e3o relacionados \u00e0 covid em funcionamento.<\/p>\n\n\n\n<p>A Rep\u00fablica Tcheca, que tem o pior \u00edndice per capita europeu, trocou o ensino presencial pelo virtual e os hospitais come\u00e7aram a suspender opera\u00e7\u00f5es sem urg\u00eancia para liberar leitos. Bares, restaurantes e clubes fecharam.<\/p>\n\n\n\n<p>&#8220;\u00c0s vezes estamos \u00e0 beira do choro, isso acontece com bastante frequ\u00eancia agora&#8221;, disse Lenka Krejcova, chefe de enfermagem do hospital Slany, no noroeste de Praga, enquanto oper\u00e1rios corriam pelos corredores para transformar uma ala geral em um departamento para pacientes infectados com o novo coronav\u00edrus.<\/p>\n\n\n\n<p>Nesta quarta-feira, as autoridades de Moscou disseram que adotar\u00e3o o ensino virtual para muitos estudantes a partir de segunda-feira, e a Irlanda do Norte anunciou um fechamento de duas semanas das escolas.<\/p>\n\n\n\n<p>As grandes economias europeias da Alemanha, Reino Unido e Fran\u00e7a v\u00eam resistindo \u00e0 press\u00e3o para fechar as escolas, uma medida que criou transtornos para a for\u00e7a de trabalho durante os&nbsp;<em>lockdowns<\/em>&nbsp;de primavera, j\u00e1 que os pais tiveram que se dividir entre os cuidados com os filhos e o trabalho em casa.<\/p>\n\n\n\n<p>A Holanda retomou um&nbsp;<em>lockdown<\/em>&nbsp;parcial&nbsp;nesta quarta-feira (14), fechando bares e restaurantes, mas manteve as escolas abertas.<\/p>\n\n\n\n<p>As infec\u00e7\u00f5es europeias v\u00eam se mantendo em uma m\u00e9dia de quase 100 mil por dia, obrigando governos a adotarem uma variedade de restri\u00e7\u00f5es severas, e cada um deles tenta calibr\u00e1-las para proteger a sa\u00fade sem destruir os meios de subsist\u00eancia.<\/p>\n\n\n\n<p>&#8220;\u00c9 uma bagun\u00e7a, \u00e9 uma bagun\u00e7a, meu filho, o que posso dizer? Realmente n\u00e3o sabemos o que ser\u00e1 de n\u00f3s&#8221;, disse um aposentado italiano em Roma.<\/p>\n\n\n\n<p>Edi\u00e7\u00e3o: Denise Griesinger<\/p>\n","protected":false},"excerpt":{"rendered":"<p>Pa\u00edses voltam a suspender aulas e fechar bares e restaurantes Por Jan Lopatka e Marine<\/p>\n","protected":false},"author":2,"featured_media":2695,"comment_status":"open","ping_status":"open","sticky":false,"template":"","format":"standard","meta":{"footnotes":""},"categories":[22],"tags":[],"class_list":["post-2694","post","type-post","status-publish","format-standard","has-post-thumbnail","hentry","category-internacional"],"_links":{"self":[{"href":"https:\/\/tvc16.com\/portal\/wp-json\/wp\/v2\/posts\/2694","targetHints":{"allow":["GET"]}}],"collection":[{"href":"https:\/\/tvc16.com\/portal\/wp-json\/wp\/v2\/posts"}],"about":[{"href":"https:\/\/tvc16.com\/portal\/wp-json\/wp\/v2\/types\/post"}],"author":[{"embeddable":true,"href":"https:\/\/tvc16.com\/portal\/wp-json\/wp\/v2\/users\/2"}],"replies":[{"embeddable":true,"href":"https:\/\/tvc16.com\/portal\/wp-json\/wp\/v2\/comments?post=2694"}],"version-history":[{"count":1,"href":"https:\/\/tvc16.com\/portal\/wp-json\/wp\/v2\/posts\/2694\/revisions"}],"predecessor-version":[{"id":2696,"href":"https:\/\/tvc16.com\/portal\/wp-json\/wp\/v2\/posts\/2694\/revisions\/2696"}],"wp:featuredmedia":[{"embeddable":true,"href":"https:\/\/tvc16.com\/portal\/wp-json\/wp\/v2\/media\/2695"}],"wp:attachment":[{"href":"https:\/\/tvc16.com\/portal\/wp-json\/wp\/v2\/media?parent=2694"}],"wp:term":[{"taxonomy":"category","embeddable":true,"href":"https:\/\/tvc16.com\/portal\/wp-json\/wp\/v2\/categories?post=2694"},{"taxonomy":"post_tag","embeddable":true,"href":"https:\/\/tvc16.com\/portal\/wp-json\/wp\/v2\/tags?post=2694"}],"curies":[{"name":"wp","href":"https:\/\/api.w.org\/{rel}","templated":true}]}}