{"id":26940,"date":"2021-12-22T07:00:00","date_gmt":"2021-12-22T10:00:00","guid":{"rendered":"https:\/\/tvc16.com\/portal\/?p=26940"},"modified":"2021-12-21T16:50:05","modified_gmt":"2021-12-21T19:50:05","slug":"nova-iguacu-vacina-contra-covid-19-pessoas-acima-de-12-anos-nesta-quarta-feira","status":"publish","type":"post","link":"https:\/\/tvc16.com\/portal\/2021\/12\/22\/nova-iguacu-vacina-contra-covid-19-pessoas-acima-de-12-anos-nesta-quarta-feira\/","title":{"rendered":"Nova Igua\u00e7u vacina contra COVID-19 pessoas acima de 12 anos nesta quarta-feira"},"content":{"rendered":"\n<p>A vacina\u00e7\u00e3o contra COVID-19 segue a todo vapor nesta quarta (22) em Nova Igua\u00e7u. Quem tem mais de 12 anos e ainda n\u00e3o tomou a primeira dose, deve comparecer a um dos postos de imuniza\u00e7\u00e3o. A segunda dose est\u00e1 acontecendo conforme agendamento de retorno.<\/p>\n\n\n\n<p>O intervalo entre a segunda dose e a dose de refor\u00e7o foi reduzido para quatro meses independente do imunizante. Profissionais da \u00e1rea de sa\u00fade, pessoas acima de 45 anos e pessoas acima de 40 anos que receberam a Janssen, podem procurar um dos 23 pontos de vacina\u00e7\u00e3o.<\/p>\n\n\n\n<p><strong>Calend\u00e1rio de vacina\u00e7\u00e3o \u2013 22\/12<\/strong><\/p>\n\n\n\n<p><strong>Primeira dose:&nbsp;<\/strong>Maiores de 12 anos;<\/p>\n\n\n\n<p><strong>Segunda dose:&nbsp;<\/strong>Conforme agendamento de retorno;<\/p>\n\n\n\n<p><strong>Dose de refor\u00e7o:&nbsp;<\/strong>Pessoas acima dos 45 anos, profissionais da sa\u00fade com quatro meses ap\u00f3s a segunda dose e imunossuprimidos com 28 dias ap\u00f3s a segunda dose;<\/p>\n\n\n\n<p><strong>Dose de refor\u00e7o Jansen:&nbsp;<\/strong>Pessoas acima de 40 anos com quatro meses ap\u00f3s a dose no Centro De Sa\u00fade Vasco Barcelos e a Cl\u00ednica Da Fam\u00edlia Odiceia Morais<\/p>\n\n\n\n<p><strong>Hor\u00e1rio:&nbsp;<\/strong>Das 8h30 \u00e0s 16h<\/p>\n\n\n\n<p><strong>Locais:&nbsp;<\/strong>Drive-Thru Top Shopping, Drive-Thru DETRAN Bairro Botafogo, Drive-Thru Shopping Nova Igua\u00e7u, Drive-Thru Centro Ol\u00edmpico, Espa\u00e7o Municipal Da Terceira Idade (Esmuti), Cl\u00ednica Da Fam\u00edlia Dom Bosco, Cl\u00ednica Da Fam\u00edlia Vila Oper\u00e1ria, Usf Rancho Fundo, Centro De Atendimento Ao Deficiente (Cad),&nbsp; Cl\u00ednica Da Fam\u00edlia Marfel, Cl\u00ednica Da Fam\u00edlia Do Cai\u00e7ara,&nbsp; Cl\u00ednica Da Fam\u00edlia Do Amba\u00ed, Cl\u00ednica Da Fam\u00edlia Jardim Para\u00edso, Cl\u00ednica Da Fam\u00edlia Vila De Cava,&nbsp; Cl\u00ednica Da Fam\u00edlia Austin, Cl\u00ednica Da Fam\u00edlia Odiceia Morais, Policl\u00ednica Miguel Couto, Cl\u00ednica Da Fam\u00edlia Em\u00edlia Gomes, Cl\u00ednica Da Fam\u00edlia Boa Esperan\u00e7a, Cl\u00ednica Da Fam\u00edlia Cabu\u00e7u,&nbsp; Cl\u00ednica Da Fam\u00edlia Mara\u00fa,&nbsp; Cl\u00ednica Da Fam\u00edlia Do Km32, Centro De Sa\u00fade Vasco Barcelos.<\/p>\n\n\n\n<p>A lista completa com os pertencentes aos grupos de vacina\u00e7\u00e3o, documentos que devem ser apresentados para a imuniza\u00e7\u00e3o, os endere\u00e7os dos 23 pontos de vacina\u00e7\u00e3o contra a Covid-19 e o calend\u00e1rio de imuniza\u00e7\u00e3o est\u00e3o em:&nbsp;<a href=\"http:\/\/www.novaiguacu.rj.gov.br\/semus\/vacinacao-covid\/calendario\" target=\"_blank\" rel=\"noreferrer noopener\">www.novaiguacu.rj.gov.br\/semus\/vacinacao-covid\/calendario<\/a><\/p>\n","protected":false},"excerpt":{"rendered":"<p>A vacina\u00e7\u00e3o contra COVID-19 segue a todo vapor nesta quarta (22) em Nova Igua\u00e7u. Quem<\/p>\n","protected":false},"author":2,"featured_media":26942,"comment_status":"open","ping_status":"open","sticky":false,"template":"","format":"standard","meta":{"footnotes":""},"categories":[17,13],"tags":[],"class_list":["post-26940","post","type-post","status-publish","format-standard","has-post-thumbnail","hentry","category-outras-noticias","category-saude"],"_links":{"self":[{"href":"https:\/\/tvc16.com\/portal\/wp-json\/wp\/v2\/posts\/26940","targetHints":{"allow":["GET"]}}],"collection":[{"href":"https:\/\/tvc16.com\/portal\/wp-json\/wp\/v2\/posts"}],"about":[{"href":"https:\/\/tvc16.com\/portal\/wp-json\/wp\/v2\/types\/post"}],"author":[{"embeddable":true,"href":"https:\/\/tvc16.com\/portal\/wp-json\/wp\/v2\/users\/2"}],"replies":[{"embeddable":true,"href":"https:\/\/tvc16.com\/portal\/wp-json\/wp\/v2\/comments?post=26940"}],"version-history":[{"count":1,"href":"https:\/\/tvc16.com\/portal\/wp-json\/wp\/v2\/posts\/26940\/revisions"}],"predecessor-version":[{"id":26943,"href":"https:\/\/tvc16.com\/portal\/wp-json\/wp\/v2\/posts\/26940\/revisions\/26943"}],"wp:featuredmedia":[{"embeddable":true,"href":"https:\/\/tvc16.com\/portal\/wp-json\/wp\/v2\/media\/26942"}],"wp:attachment":[{"href":"https:\/\/tvc16.com\/portal\/wp-json\/wp\/v2\/media?parent=26940"}],"wp:term":[{"taxonomy":"category","embeddable":true,"href":"https:\/\/tvc16.com\/portal\/wp-json\/wp\/v2\/categories?post=26940"},{"taxonomy":"post_tag","embeddable":true,"href":"https:\/\/tvc16.com\/portal\/wp-json\/wp\/v2\/tags?post=26940"}],"curies":[{"name":"wp","href":"https:\/\/api.w.org\/{rel}","templated":true}]}}