{"id":270,"date":"2020-09-11T00:38:38","date_gmt":"2020-09-11T00:38:38","guid":{"rendered":"https:\/\/tvc16.com\/portal\/?p=270"},"modified":"2020-09-11T00:38:38","modified_gmt":"2020-09-11T00:38:38","slug":"volta-as-aulas-em-meio-a-pandemia-ainda-causa-polemica","status":"publish","type":"post","link":"https:\/\/tvc16.com\/portal\/2020\/09\/11\/volta-as-aulas-em-meio-a-pandemia-ainda-causa-polemica\/","title":{"rendered":"Volta \u00e0s aulas, em meio \u00e0 pandemia, ainda causa pol\u00eamica"},"content":{"rendered":"<p>Na volta \u00e0s aulas, programada para a pr\u00f3xima segunda-feira,14, na rede particular, os alunos do ensino fundamental, do ensino m\u00e9dio e da educa\u00e7\u00e3o de jovens e adultos (EJA) do Estado do Rio de Janeiro ter\u00e3o que tomar medidas adicionais de preven\u00e7\u00e3o e controle para evitar o cont\u00e1gio pelo Covid-19 no meio escolar<br \/>\nAs recomenda\u00e7\u00f5es &#8211; uso de equipamentos de prote\u00e7\u00e3o individual (EPIs), manuten\u00e7\u00e3o frequente dos aparelhos de ar-condicionado, distanciamento de um metro a um metro e meio e desinfec\u00e7\u00e3o e limpeza dos ambientes &#8211; fazem parte de manual elaborado pela Superintend\u00eancia da Vigil\u00e2ncia Sanit\u00e1ria, da Secretaria de Estado de Sa\u00fade (SES).<br \/>\nA cartilha tamb\u00e9m orienta como atuar diante da ocorr\u00eancia de algum caso suspeito de coronav\u00edrus na escola. H\u00e1 tamb\u00e9m orienta\u00e7\u00f5es para a distribui\u00e7\u00e3o das mesas e carteiras em salas. Elas devem ser dispostas junto das paredes e janelas, de acordo com a estrutura f\u00edsica das salas de aula, evitando que os alunos fiquem de frente uns para os outros. Os bebedouros, em que os alunos colocam a boca diretamente no jato d&#8217;\u00e1gua, dever\u00e3o ser lacrados.<br \/>\nO manual refor\u00e7a que o transporte escolar deve ficar com as janelas abertas para a renova\u00e7\u00e3o de ar. Os motoristas dos ve\u00edculos, os professores e os orientadores educacionais devem exigir a utiliza\u00e7\u00e3o de m\u00e1scaras e de \u00e1lcool em gel, a higiene das m\u00e3os e a observa\u00e7\u00e3o da conduta correta ao tossir e espirrar, al\u00e9m dos cuidados ao usar o refeit\u00f3rio e a biblioteca.<\/p>\n","protected":false},"excerpt":{"rendered":"<p>Na volta \u00e0s aulas, programada para a pr\u00f3xima segunda-feira,14, na rede particular, os alunos do<\/p>\n","protected":false},"author":1,"featured_media":271,"comment_status":"closed","ping_status":"closed","sticky":false,"template":"","format":"standard","meta":{"footnotes":""},"categories":[12],"tags":[],"class_list":["post-270","post","type-post","status-publish","format-standard","has-post-thumbnail","hentry","category-cidade"],"_links":{"self":[{"href":"https:\/\/tvc16.com\/portal\/wp-json\/wp\/v2\/posts\/270","targetHints":{"allow":["GET"]}}],"collection":[{"href":"https:\/\/tvc16.com\/portal\/wp-json\/wp\/v2\/posts"}],"about":[{"href":"https:\/\/tvc16.com\/portal\/wp-json\/wp\/v2\/types\/post"}],"author":[{"embeddable":true,"href":"https:\/\/tvc16.com\/portal\/wp-json\/wp\/v2\/users\/1"}],"replies":[{"embeddable":true,"href":"https:\/\/tvc16.com\/portal\/wp-json\/wp\/v2\/comments?post=270"}],"version-history":[{"count":1,"href":"https:\/\/tvc16.com\/portal\/wp-json\/wp\/v2\/posts\/270\/revisions"}],"predecessor-version":[{"id":272,"href":"https:\/\/tvc16.com\/portal\/wp-json\/wp\/v2\/posts\/270\/revisions\/272"}],"wp:featuredmedia":[{"embeddable":true,"href":"https:\/\/tvc16.com\/portal\/wp-json\/wp\/v2\/media\/271"}],"wp:attachment":[{"href":"https:\/\/tvc16.com\/portal\/wp-json\/wp\/v2\/media?parent=270"}],"wp:term":[{"taxonomy":"category","embeddable":true,"href":"https:\/\/tvc16.com\/portal\/wp-json\/wp\/v2\/categories?post=270"},{"taxonomy":"post_tag","embeddable":true,"href":"https:\/\/tvc16.com\/portal\/wp-json\/wp\/v2\/tags?post=270"}],"curies":[{"name":"wp","href":"https:\/\/api.w.org\/{rel}","templated":true}]}}