{"id":2700,"date":"2020-10-14T15:07:48","date_gmt":"2020-10-14T15:07:48","guid":{"rendered":"https:\/\/tvc16.com\/portal\/?p=2700"},"modified":"2020-10-14T15:07:48","modified_gmt":"2020-10-14T15:07:48","slug":"volume-de-servicos-cresce-29-de-julho-para-agosto","status":"publish","type":"post","link":"https:\/\/tvc16.com\/portal\/2020\/10\/14\/volume-de-servicos-cresce-29-de-julho-para-agosto\/","title":{"rendered":"Volume de servi\u00e7os cresce 2,9% de julho para agosto"},"content":{"rendered":"\n<p>Essa \u00e9 a terceira alta consecutiva, diz IBGE<\/p>\n\n\n\n<h4 class=\"wp-block-heading\">Por Vitor Abdala &#8211; Rep\u00f3rter da Ag\u00eancia Brasil &#8211; Rio de Janeiro<\/h4>\n\n\n\n<p>O volume do setor de servi\u00e7os no Brasil teve alta de 2,9% em agosto deste ano, na compara\u00e7\u00e3o com o m\u00eas anterior. Essa \u00e9 a terceira alta consecutiva do indicador, que acumula ganhos de 11,2% no per\u00edodo. Os dados foram divulgados hoje (14) pelo Instituto Brasileiro de Geografia e Estat\u00edstica (IBGE), em sua Pesquisa Mensal de Servi\u00e7os (PMS).<img decoding=\"async\" src=\"https:\/\/agenciabrasil.ebc.com.br\/ebc.png?id=1390562&amp;o=node\"><img decoding=\"async\" src=\"https:\/\/agenciabrasil.ebc.com.br\/ebc.gif?id=1390562&amp;o=node\"><\/p>\n\n\n\n<p>As altas vieram depois de quatro taxas negativas, ocorridas entre fevereiro e maio deste ano, principalmente por conta da pandemia de covid-19. Naquele per\u00edodo, houve uma perda acumulada de 19,8%.<\/p>\n\n\n\n<p>Apesar dos ganhos em rela\u00e7\u00e3o a julho, em agosto foram registradas perdas de 10% na compara\u00e7\u00e3o com agosto do ano passado, de 9% no acumulado do ano e de 5,3% no acumulado de 12 meses.<\/p>\n\n\n\n<p>Na passagem de julho para agosto, houve altas em quatro das cinco atividades pesquisadas, com destaque para servi\u00e7os prestados \u00e0s fam\u00edlias (33,3%). Tamb\u00e9m foram observadas taxas de crescimento nos transportes, servi\u00e7os auxiliares de transportes e correio (3,9%), servi\u00e7os profissionais, administrativos e complementares (1%) e outros servi\u00e7os (0,8%).<\/p>\n\n\n\n<p>Por outro lado, houve queda de 1,4% nos servi\u00e7os de informa\u00e7\u00e3o e comunica\u00e7\u00e3o.<\/p>\n\n\n\n<p>A receita nominal teve alta de 3,5% na passagem de julho para agosto deste ano, mas registrou quedas de 10,4% na compara\u00e7\u00e3o com agosto do ano passado, de 8,2% no acumulado do ano e de 3,7% no acumulado de 12 meses.<\/p>\n\n\n\n<p>Edi\u00e7\u00e3o: Val\u00e9ria Aguiar<\/p>\n","protected":false},"excerpt":{"rendered":"<p>Essa \u00e9 a terceira alta consecutiva, diz IBGE Por Vitor Abdala &#8211; Rep\u00f3rter da Ag\u00eancia<\/p>\n","protected":false},"author":2,"featured_media":2701,"comment_status":"open","ping_status":"open","sticky":false,"template":"","format":"standard","meta":{"footnotes":""},"categories":[14],"tags":[],"class_list":["post-2700","post","type-post","status-publish","format-standard","has-post-thumbnail","hentry","category-pais"],"_links":{"self":[{"href":"https:\/\/tvc16.com\/portal\/wp-json\/wp\/v2\/posts\/2700","targetHints":{"allow":["GET"]}}],"collection":[{"href":"https:\/\/tvc16.com\/portal\/wp-json\/wp\/v2\/posts"}],"about":[{"href":"https:\/\/tvc16.com\/portal\/wp-json\/wp\/v2\/types\/post"}],"author":[{"embeddable":true,"href":"https:\/\/tvc16.com\/portal\/wp-json\/wp\/v2\/users\/2"}],"replies":[{"embeddable":true,"href":"https:\/\/tvc16.com\/portal\/wp-json\/wp\/v2\/comments?post=2700"}],"version-history":[{"count":1,"href":"https:\/\/tvc16.com\/portal\/wp-json\/wp\/v2\/posts\/2700\/revisions"}],"predecessor-version":[{"id":2702,"href":"https:\/\/tvc16.com\/portal\/wp-json\/wp\/v2\/posts\/2700\/revisions\/2702"}],"wp:featuredmedia":[{"embeddable":true,"href":"https:\/\/tvc16.com\/portal\/wp-json\/wp\/v2\/media\/2701"}],"wp:attachment":[{"href":"https:\/\/tvc16.com\/portal\/wp-json\/wp\/v2\/media?parent=2700"}],"wp:term":[{"taxonomy":"category","embeddable":true,"href":"https:\/\/tvc16.com\/portal\/wp-json\/wp\/v2\/categories?post=2700"},{"taxonomy":"post_tag","embeddable":true,"href":"https:\/\/tvc16.com\/portal\/wp-json\/wp\/v2\/tags?post=2700"}],"curies":[{"name":"wp","href":"https:\/\/api.w.org\/{rel}","templated":true}]}}