{"id":2726,"date":"2020-10-14T20:51:37","date_gmt":"2020-10-14T20:51:37","guid":{"rendered":"https:\/\/tvc16.com\/portal\/?p=2726"},"modified":"2020-10-14T20:51:37","modified_gmt":"2020-10-14T20:51:37","slug":"medo-do-desemprego-e-maior-entre-mulheres-e-jovens","status":"publish","type":"post","link":"https:\/\/tvc16.com\/portal\/2020\/10\/14\/medo-do-desemprego-e-maior-entre-mulheres-e-jovens\/","title":{"rendered":"Medo do desemprego \u00e9 maior entre mulheres e jovens"},"content":{"rendered":"\n<p>Indicador da CNI mediu expectativa da popula\u00e7\u00e3o em setembro<\/p>\n\n\n\n<h4 class=\"wp-block-heading\">Por Pedro Rafael Vilela &#8211; Rep\u00f3rter da Ag\u00eancia Brasil &#8211; Bras\u00edlia<\/h4>\n\n\n\n<p>O medo do desemprego entre as mulheres \u00e9 bem superior ao dos homens, mostra&nbsp;indicador da Confedera\u00e7\u00e3o Nacional da Ind\u00fastria (CNI) divulgado nesta quarta-feira (14). O \u00cdndice de Medo do Desemprego e Satisfa\u00e7\u00e3o com a Vida \u00e9 uma publica\u00e7\u00e3o trimestral da CNI e nesta edi\u00e7\u00e3o entrevistou 2 mil pessoas em 127 munic\u00edpios do pa\u00eds, entre os dias 17 e&nbsp;20 de setembro.&nbsp;<img decoding=\"async\" src=\"https:\/\/agenciabrasil.ebc.com.br\/ebc.png?id=1390555&amp;o=node\"><img decoding=\"async\" src=\"https:\/\/agenciabrasil.ebc.com.br\/ebc.gif?id=1390555&amp;o=node\"><\/p>\n\n\n\n<p>O indicador de medo do desemprego no p\u00fablico feminino ficou em 62,4 contra 46,8 no p\u00fablico masculino, uma diferen\u00e7a de 15,6 pontos. O medo do desemprego tamb\u00e9m \u00e9 maior entre os jovens, especialmente aqueles na faixa dos 16 aos 24 anos (57,9), e o da faixa seguinte, entre 25 e 34 anos (57,3). Esse indicador tamb\u00e9m \u00e9 maior entre a popula\u00e7\u00e3o que reside no Nordeste (61,2) e os que recebem at\u00e9 um sal\u00e1rio m\u00ednimo (65).&nbsp;<\/p>\n\n\n\n<p>Apesar dos graves impactos econ\u00f4micos da pandemia de covid-19, o medo do desemprego na popula\u00e7\u00e3o em geral ficou em 55 pontos, uma queda de 1,1 ponto na compara\u00e7\u00e3o com dezembro de 2019.<\/p>\n\n\n\n<p>&#8220;A partir do fim&nbsp;do primeiro trimestre de 2020, as medidas de prote\u00e7\u00e3o adotadas no per\u00edodo contribu\u00edram para conter o desemprego e aumentar a seguran\u00e7a no emprego. Possivelmente, a transfer\u00eancia de renda \u00e0s fam\u00edlias tamb\u00e9m contribuiu para esse resultado. Por fim, a retomada gradual das atividades comerciais e produtivas nos \u00faltimos meses tem impactado positivamente a forma\u00e7\u00e3o de expectativas dos agentes, que, em um primeiro momento, esperavam por uma recupera\u00e7\u00e3o econ\u00f4mica mais lenta&#8221;, avalia a CNI.<\/p>\n\n\n\n<h2 class=\"wp-block-heading\">Satisfa\u00e7\u00e3o com a vida<\/h2>\n\n\n\n<p>J\u00e1 o \u00edndice de satisfa\u00e7\u00e3o com a vida cresceu ligeiramente entre dezembro do ano passado e setembro deste ano, passando de 68,3 para 68,5 pontos. A satisfa\u00e7\u00e3o com a vida aumenta \u00e0 medida que a renda tamb\u00e9m aumenta. Entre os que ganham mais de cinco sal\u00e1rios m\u00ednimos, esse valor \u00e9 72,8 pontos, enquanto quem tem renda de at\u00e9 um sal\u00e1rio m\u00ednimo registrou pontua\u00e7\u00e3o de 65,7.&nbsp;<\/p>\n\n\n\n<p>O indicador tamb\u00e9m \u00e9 melhor entre os homens (70 pontos) na compara\u00e7\u00e3o com as mulheres (97,1).&nbsp;<\/p>\n\n\n\n<p>Edi\u00e7\u00e3o: Gra\u00e7a Adjuto<\/p>\n","protected":false},"excerpt":{"rendered":"<p>Indicador da CNI mediu expectativa da popula\u00e7\u00e3o em setembro Por Pedro Rafael Vilela &#8211; Rep\u00f3rter<\/p>\n","protected":false},"author":2,"featured_media":2727,"comment_status":"open","ping_status":"open","sticky":false,"template":"","format":"standard","meta":{"footnotes":""},"categories":[17],"tags":[],"class_list":["post-2726","post","type-post","status-publish","format-standard","has-post-thumbnail","hentry","category-outras-noticias"],"_links":{"self":[{"href":"https:\/\/tvc16.com\/portal\/wp-json\/wp\/v2\/posts\/2726","targetHints":{"allow":["GET"]}}],"collection":[{"href":"https:\/\/tvc16.com\/portal\/wp-json\/wp\/v2\/posts"}],"about":[{"href":"https:\/\/tvc16.com\/portal\/wp-json\/wp\/v2\/types\/post"}],"author":[{"embeddable":true,"href":"https:\/\/tvc16.com\/portal\/wp-json\/wp\/v2\/users\/2"}],"replies":[{"embeddable":true,"href":"https:\/\/tvc16.com\/portal\/wp-json\/wp\/v2\/comments?post=2726"}],"version-history":[{"count":1,"href":"https:\/\/tvc16.com\/portal\/wp-json\/wp\/v2\/posts\/2726\/revisions"}],"predecessor-version":[{"id":2728,"href":"https:\/\/tvc16.com\/portal\/wp-json\/wp\/v2\/posts\/2726\/revisions\/2728"}],"wp:featuredmedia":[{"embeddable":true,"href":"https:\/\/tvc16.com\/portal\/wp-json\/wp\/v2\/media\/2727"}],"wp:attachment":[{"href":"https:\/\/tvc16.com\/portal\/wp-json\/wp\/v2\/media?parent=2726"}],"wp:term":[{"taxonomy":"category","embeddable":true,"href":"https:\/\/tvc16.com\/portal\/wp-json\/wp\/v2\/categories?post=2726"},{"taxonomy":"post_tag","embeddable":true,"href":"https:\/\/tvc16.com\/portal\/wp-json\/wp\/v2\/tags?post=2726"}],"curies":[{"name":"wp","href":"https:\/\/api.w.org\/{rel}","templated":true}]}}