{"id":2729,"date":"2020-10-14T20:56:15","date_gmt":"2020-10-14T20:56:15","guid":{"rendered":"https:\/\/tvc16.com\/portal\/?p=2729"},"modified":"2020-10-14T20:56:15","modified_gmt":"2020-10-14T20:56:15","slug":"reforma-do-centro-de-educacao-infantil-irma-dulce-foi-iniciada-hoje","status":"publish","type":"post","link":"https:\/\/tvc16.com\/portal\/2020\/10\/14\/reforma-do-centro-de-educacao-infantil-irma-dulce-foi-iniciada-hoje\/","title":{"rendered":"Reforma do Centro de Educa\u00e7\u00e3o Infantil Irm\u00e3 Dulce foi iniciada hoje"},"content":{"rendered":"\n<p>A reforma do Centro de Educa\u00e7\u00e3o Infantil Irm\u00e3 Dulce, no At\u00edlio Marotti, come\u00e7ou nesta quarta-feira (14). A obra contempla a recupera\u00e7\u00e3o do pr\u00e9dio e constru\u00e7\u00e3o de novos espa\u00e7os como, sol\u00e1rio, parquinho, banheiro, frald\u00e1rio, p\u00e1tio coberto, espa\u00e7o de estimula\u00e7\u00e3o e sala para ber\u00e7\u00e1rio. A nova creche tamb\u00e9m vai receber mobili\u00e1rio e brinquedos novos.<\/p>\n\n\n\n<figure class=\"wp-block-image size-medium\"><img loading=\"lazy\" decoding=\"async\" width=\"225\" height=\"300\" src=\"https:\/\/tvc16.com\/portal\/wp-content\/uploads\/2020\/10\/WhatsApp-Image-2020-10-14-at-14.26.24-225x300.jpeg\" alt=\"\" class=\"wp-image-2730\" srcset=\"https:\/\/tvc16.com\/portal\/wp-content\/uploads\/2020\/10\/WhatsApp-Image-2020-10-14-at-14.26.24-225x300.jpeg 225w, https:\/\/tvc16.com\/portal\/wp-content\/uploads\/2020\/10\/WhatsApp-Image-2020-10-14-at-14.26.24-767x1024.jpeg 767w, https:\/\/tvc16.com\/portal\/wp-content\/uploads\/2020\/10\/WhatsApp-Image-2020-10-14-at-14.26.24-768x1025.jpeg 768w, https:\/\/tvc16.com\/portal\/wp-content\/uploads\/2020\/10\/WhatsApp-Image-2020-10-14-at-14.26.24.jpeg 959w\" sizes=\"auto, (max-width: 225px) 100vw, 225px\" \/><\/figure>\n\n\n\n<p>O CEI Irm\u00e3 Dulce ter\u00e1 capacidade de atender 50 crian\u00e7as, 20 a mais do que as 30 atendidas at\u00e9 2016. O novo espa\u00e7o tem previs\u00e3o de entrega de aproximadamente quatro meses e vai receber crian\u00e7as desde o ber\u00e7\u00e1rio at\u00e9 o terceiro per\u00edodo.<\/p>\n\n\n\n<figure class=\"wp-block-image size-medium\"><img loading=\"lazy\" decoding=\"async\" width=\"225\" height=\"300\" src=\"https:\/\/tvc16.com\/portal\/wp-content\/uploads\/2020\/10\/WhatsApp-Image-2020-10-14-at-14.26.22-225x300.jpeg\" alt=\"\" class=\"wp-image-2731\" srcset=\"https:\/\/tvc16.com\/portal\/wp-content\/uploads\/2020\/10\/WhatsApp-Image-2020-10-14-at-14.26.22-225x300.jpeg 225w, https:\/\/tvc16.com\/portal\/wp-content\/uploads\/2020\/10\/WhatsApp-Image-2020-10-14-at-14.26.22-767x1024.jpeg 767w, https:\/\/tvc16.com\/portal\/wp-content\/uploads\/2020\/10\/WhatsApp-Image-2020-10-14-at-14.26.22-768x1025.jpeg 768w, https:\/\/tvc16.com\/portal\/wp-content\/uploads\/2020\/10\/WhatsApp-Image-2020-10-14-at-14.26.22.jpeg 959w\" sizes=\"auto, (max-width: 225px) 100vw, 225px\" \/><\/figure>\n\n\n\n<p>O pr\u00e9dio estava desativado desde 2016, quando uma obra foi iniciada no local e paralisada no mesmo ano. Na \u00e9poca, os alunos foram transferidos para um CEI no Retiro.\u00a0 O novo CEI vai atender uma necessidade dos moradores do At\u00edlio Marotti, que poder\u00e3o contar com uma creche pr\u00f3xima, dentro da comunidade.<\/p>\n","protected":false},"excerpt":{"rendered":"<p>A reforma do Centro de Educa\u00e7\u00e3o Infantil Irm\u00e3 Dulce, no At\u00edlio Marotti, come\u00e7ou nesta quarta-feira<\/p>\n","protected":false},"author":2,"featured_media":2732,"comment_status":"open","ping_status":"open","sticky":false,"template":"","format":"standard","meta":{"footnotes":""},"categories":[12],"tags":[],"class_list":["post-2729","post","type-post","status-publish","format-standard","has-post-thumbnail","hentry","category-cidade"],"_links":{"self":[{"href":"https:\/\/tvc16.com\/portal\/wp-json\/wp\/v2\/posts\/2729","targetHints":{"allow":["GET"]}}],"collection":[{"href":"https:\/\/tvc16.com\/portal\/wp-json\/wp\/v2\/posts"}],"about":[{"href":"https:\/\/tvc16.com\/portal\/wp-json\/wp\/v2\/types\/post"}],"author":[{"embeddable":true,"href":"https:\/\/tvc16.com\/portal\/wp-json\/wp\/v2\/users\/2"}],"replies":[{"embeddable":true,"href":"https:\/\/tvc16.com\/portal\/wp-json\/wp\/v2\/comments?post=2729"}],"version-history":[{"count":1,"href":"https:\/\/tvc16.com\/portal\/wp-json\/wp\/v2\/posts\/2729\/revisions"}],"predecessor-version":[{"id":2733,"href":"https:\/\/tvc16.com\/portal\/wp-json\/wp\/v2\/posts\/2729\/revisions\/2733"}],"wp:featuredmedia":[{"embeddable":true,"href":"https:\/\/tvc16.com\/portal\/wp-json\/wp\/v2\/media\/2732"}],"wp:attachment":[{"href":"https:\/\/tvc16.com\/portal\/wp-json\/wp\/v2\/media?parent=2729"}],"wp:term":[{"taxonomy":"category","embeddable":true,"href":"https:\/\/tvc16.com\/portal\/wp-json\/wp\/v2\/categories?post=2729"},{"taxonomy":"post_tag","embeddable":true,"href":"https:\/\/tvc16.com\/portal\/wp-json\/wp\/v2\/tags?post=2729"}],"curies":[{"name":"wp","href":"https:\/\/api.w.org\/{rel}","templated":true}]}}