{"id":2739,"date":"2020-10-14T21:08:26","date_gmt":"2020-10-14T21:08:26","guid":{"rendered":"https:\/\/tvc16.com\/portal\/?p=2739"},"modified":"2020-10-14T21:23:06","modified_gmt":"2020-10-14T21:23:06","slug":"mais-quatro-pessoas-morrem-por-covid-19-em-petropolis","status":"publish","type":"post","link":"https:\/\/tvc16.com\/portal\/2020\/10\/14\/mais-quatro-pessoas-morrem-por-covid-19-em-petropolis\/","title":{"rendered":"Mais quatro pessoas morrem por Covid-19 em Petr\u00f3polis"},"content":{"rendered":"\n<p>Petr\u00f3polis registrou 40 novos casos da covid-19 nas \u00faltimas 24 horas e mais quatro mortes causadas pela doen\u00e7a. De acordo com o boletim epidemiol\u00f3gico, divulgado pela Secretaria Municipal da Sa\u00fade nesta quarta-feira (14). Diante disso, a cidade chega a 7.255 diagn\u00f3sticos e 249 \u00f3bitos.<\/p>\n\n\n\n<p>As quatro pessoas que morreram em decorr\u00eancia da doen\u00e7a s\u00e3o duas mulheres e dois homens. As v\u00edtimas s\u00e3o: <\/p>\n\n\n\n<p>&#8211; Uma mulher, de 74 anos, moradora do Meio da Serra. Ela foi internada no dia 20 de setembro no Hospital Alcides Carneiro (HAC) e faleceu na segunda-feira (10). Ela tinha diabetes e doen\u00e7a arterial obstrutiva.<\/p>\n\n\n\n<p>-Uma mulher, de 84 anos, moradora do Valpara\u00edso. Internada na sexta-feira (09), ela faleceu no Hospital Municipal Nelson de S\u00e1 Earp (HMNSE), na segunda-feira (12). A paciente sofria com insufici\u00eancia card\u00edaca e hipotireoidismo.<\/p>\n\n\n\n<p>-Homem, de 77 anos, morador de Secret\u00e1rio. Ele foi internado no dia 06 de outubro no Hospital Alcides Carneiro (HAC) e faleceu na sexta-feira (09). Ele tinha diabetes e hipertens\u00e3o arterial.<\/p>\n\n\n\n<p>-Homem, de 76 anos, morador do Independ\u00eancia. Internado em 21 de setembro no Hospital Municipal Nelson de S\u00e1 Earp (HMNSE). Ele faleceu na ter\u00e7a-feira (13). O paciente tinha diabetes.<\/p>\n\n\n\n<p>Segundo os dados da Sa\u00fade, at\u00e9 o momento foram realizados 66.180 testes na cidade. Desses, 58.067 resultaram negativos, 7.255 positivos e 858 est\u00e3o em an\u00e1lise, entre PCR e testes r\u00e1pidos. H\u00e1 46 pacientes internados na cidade, podendo ser casos positivos ou ainda em investiga\u00e7\u00e3o esperando o resultado do teste. <\/p>\n\n\n\n<p>Petr\u00f3polis registra, desde o in\u00edcio da pandemia, 5.350 pessoas curadas do coronav\u00edrus. Esse n\u00famero se refere \u00e0s pessoas que estiveram internadas nas unidades hospitalares da cidade ou que se mantiveram em isolamento domiciliar e que, hoje, n\u00e3o apresentam mais os principais sintomas da doen\u00e7a.<\/p>\n\n\n\n<p>Nesta quarta-feira (14), o munic\u00edpio contabiliza pelo SUS 27,78% dos leitos cl\u00ednicos e 17,17% de UTI ocupados com pacientes infectados com coronav\u00edrus.<\/p>\n","protected":false},"excerpt":{"rendered":"<p>Petr\u00f3polis registrou 40 novos casos da covid-19 nas \u00faltimas 24 horas e mais quatro mortes<\/p>\n","protected":false},"author":2,"featured_media":2740,"comment_status":"open","ping_status":"open","sticky":false,"template":"","format":"standard","meta":{"footnotes":""},"categories":[12],"tags":[],"class_list":["post-2739","post","type-post","status-publish","format-standard","has-post-thumbnail","hentry","category-cidade"],"_links":{"self":[{"href":"https:\/\/tvc16.com\/portal\/wp-json\/wp\/v2\/posts\/2739","targetHints":{"allow":["GET"]}}],"collection":[{"href":"https:\/\/tvc16.com\/portal\/wp-json\/wp\/v2\/posts"}],"about":[{"href":"https:\/\/tvc16.com\/portal\/wp-json\/wp\/v2\/types\/post"}],"author":[{"embeddable":true,"href":"https:\/\/tvc16.com\/portal\/wp-json\/wp\/v2\/users\/2"}],"replies":[{"embeddable":true,"href":"https:\/\/tvc16.com\/portal\/wp-json\/wp\/v2\/comments?post=2739"}],"version-history":[{"count":1,"href":"https:\/\/tvc16.com\/portal\/wp-json\/wp\/v2\/posts\/2739\/revisions"}],"predecessor-version":[{"id":2741,"href":"https:\/\/tvc16.com\/portal\/wp-json\/wp\/v2\/posts\/2739\/revisions\/2741"}],"wp:featuredmedia":[{"embeddable":true,"href":"https:\/\/tvc16.com\/portal\/wp-json\/wp\/v2\/media\/2740"}],"wp:attachment":[{"href":"https:\/\/tvc16.com\/portal\/wp-json\/wp\/v2\/media?parent=2739"}],"wp:term":[{"taxonomy":"category","embeddable":true,"href":"https:\/\/tvc16.com\/portal\/wp-json\/wp\/v2\/categories?post=2739"},{"taxonomy":"post_tag","embeddable":true,"href":"https:\/\/tvc16.com\/portal\/wp-json\/wp\/v2\/tags?post=2739"}],"curies":[{"name":"wp","href":"https:\/\/api.w.org\/{rel}","templated":true}]}}