{"id":2745,"date":"2020-10-14T21:57:45","date_gmt":"2020-10-14T21:57:45","guid":{"rendered":"https:\/\/tvc16.com\/portal\/?p=2745"},"modified":"2020-10-14T21:57:45","modified_gmt":"2020-10-14T21:57:45","slug":"dia-24-acontece-nova-etapa-da-vacinacao-antirrabica-em-petropolis","status":"publish","type":"post","link":"https:\/\/tvc16.com\/portal\/2020\/10\/14\/dia-24-acontece-nova-etapa-da-vacinacao-antirrabica-em-petropolis\/","title":{"rendered":"Dia 24 acontece nova etapa da vacina\u00e7\u00e3o antirr\u00e1bica em Petr\u00f3polis"},"content":{"rendered":"\n<p>A prefeitura de Petr\u00f3polis informou o calend\u00e1rio da vacina\u00e7\u00e3o antirr\u00e1bica do m\u00eas de outubro. Vale lembrar que, devido \u00e0 pandemia do novo coronav\u00edrus, as equipes da Vigil\u00e2ncia Ambiental n\u00e3o ser\u00e3o liberadas para a realizar a vacina\u00e7\u00e3o em resid\u00eancias. <\/p>\n\n\n\n<p>A prefeitura salientou ainda, que tutores que possuam mais de 10 animais e apresentem dificuldade de transport\u00e1-los ao comparecimento nos pontos de imuniza\u00e7\u00e3o devem entrar em contato com o telefone (24) 2231-0841 para avalia\u00e7\u00e3o e agendamento. <\/p>\n\n\n\n<p>A Vigil\u00e2ncia Ambiental orienta a todos para que os animais sejam levados em coleiras, guias ou caixas de transportes (para gatos) e informa que os animais n\u00e3o devem ser conduzidos por crian\u00e7as desacompanhadas dos pais ou respons\u00e1veis.<\/p>\n\n\n\n<p>Acompanhe os locais de vacina\u00e7\u00e3o no dia 24 de outubro:<\/p>\n\n\n\n<p>&#8211; PV 01 \u2013 Escola Municipal Salvador Kling (Mosela) \u2013 09h \u00e0s 17h<br>&#8211; PV 02 \u2013 Escola Municipal Bataillard (Bataillard) \u2013 09h \u00e0s 17h<br>&#8211; PV 03 \u2013 Associa\u00e7\u00e3o de Moradores do Pedras Brancas (Quarteir\u00e3o Brasileiro) \u2013 13h \u00e0s 17h<br>&#8211; PV 04 \u2013 P\u00e1tio da Secretaria de Obras (Bingen) \u2013 09h \u00e0s 17h<br>&#8211; PV 05 \u2013 Associa\u00e7\u00e3o de Moradores Manoel Torres (Bingen) \u2013 09h \u00e0s 17h<br>&#8211; PV 06 \u2013 Clube do Bingen (Capela) \u2013 09h \u00e0s 17h<br>&#8211; PV 07 \u2013 Escola Municipal Marcelo Alencar (Quitandinha) \u2013 09h \u00e0s 17h<br>&#8211; PV 08 \u2013 Escola Municipal Odete da Fonseca (Duques) \u2013 09h \u00e0s 12h30 \/ CRA Amazonas (Amazonas) \u2013 13h \u00e0s 17h<br>&#8211; PV 09 \u2013 Sant\u00edssima Trindade (Valpara\u00edso) \u2013 09h \u00e0s 15h30 \/ Associa\u00e7\u00e3o de Moradores Get\u00falio Vargas (Quitandinha) \u2013 15h45 \u00e0s 16h30<br>&#8211; PV 10 \u2013 Escola Municipal Jamil Sabr\u00e1 (Coronel Veiga) \u2013 09h \u00e0s 17h<br>&#8211; PV 11 \u2013 Associa\u00e7\u00e3o de Moradores Oswaldo Cruz (Valpara\u00edso) \u2013 09h \u00e0s 17h<br>&#8211; PV 12 \u2013 Escola de Enfermagem Santa Catarina (Montecaseros) \u2013 09h \u00e0s 17h<br>&#8211; PV 13 \u2013 Escola Municipal Jorge Amado (Estrada da Saudade) \u2013 09h \u00e0s 17h<br>&#8211; PV 14 \u2013 F\u00e1brica do Saber (Estrada da Saudade) \u2013 09h \u00e0s 17h<br>&#8211; PV 15 \u2013 SAD Cascatinha (Cascatinha) \u2013 09h \u00e0s 17h<br>&#8211; PV 16 \u2013 Escola Municipal S\u00e3o Geraldo (Carangola) \u2013 09h \u00e0s 17h<br>&#8211; PV 17 \u2013 Escola Municipal Carlos Demi\u00e1 (Retiro) \u2013 09h \u00e0s 17h<br>&#8211; PV 18 \u2013 Escola Municipal Liceu Carlos Chagas (Bar\u00e3o do Rio Branco) \u2013 09h \u00e0s 17h<br>&#8211; PV 19 \u2013 Escola Municipal Cirilo Calaon (Jardim Salvador) \u2013 09h \u00e0s 17h<\/p>\n","protected":false},"excerpt":{"rendered":"<p>A prefeitura de Petr\u00f3polis informou o calend\u00e1rio da vacina\u00e7\u00e3o antirr\u00e1bica do m\u00eas de outubro. Vale<\/p>\n","protected":false},"author":2,"featured_media":2746,"comment_status":"open","ping_status":"open","sticky":false,"template":"","format":"standard","meta":{"footnotes":""},"categories":[12],"tags":[],"class_list":["post-2745","post","type-post","status-publish","format-standard","has-post-thumbnail","hentry","category-cidade"],"_links":{"self":[{"href":"https:\/\/tvc16.com\/portal\/wp-json\/wp\/v2\/posts\/2745","targetHints":{"allow":["GET"]}}],"collection":[{"href":"https:\/\/tvc16.com\/portal\/wp-json\/wp\/v2\/posts"}],"about":[{"href":"https:\/\/tvc16.com\/portal\/wp-json\/wp\/v2\/types\/post"}],"author":[{"embeddable":true,"href":"https:\/\/tvc16.com\/portal\/wp-json\/wp\/v2\/users\/2"}],"replies":[{"embeddable":true,"href":"https:\/\/tvc16.com\/portal\/wp-json\/wp\/v2\/comments?post=2745"}],"version-history":[{"count":1,"href":"https:\/\/tvc16.com\/portal\/wp-json\/wp\/v2\/posts\/2745\/revisions"}],"predecessor-version":[{"id":2747,"href":"https:\/\/tvc16.com\/portal\/wp-json\/wp\/v2\/posts\/2745\/revisions\/2747"}],"wp:featuredmedia":[{"embeddable":true,"href":"https:\/\/tvc16.com\/portal\/wp-json\/wp\/v2\/media\/2746"}],"wp:attachment":[{"href":"https:\/\/tvc16.com\/portal\/wp-json\/wp\/v2\/media?parent=2745"}],"wp:term":[{"taxonomy":"category","embeddable":true,"href":"https:\/\/tvc16.com\/portal\/wp-json\/wp\/v2\/categories?post=2745"},{"taxonomy":"post_tag","embeddable":true,"href":"https:\/\/tvc16.com\/portal\/wp-json\/wp\/v2\/tags?post=2745"}],"curies":[{"name":"wp","href":"https:\/\/api.w.org\/{rel}","templated":true}]}}